{"id":30618,"date":"2022-08-16T12:49:43","date_gmt":"2022-08-16T17:49:43","guid":{"rendered":"https:\/\/encuentroinformativo.com.mx\/?p=30618"},"modified":"2022-08-16T12:49:47","modified_gmt":"2022-08-16T17:49:47","slug":"lluvias-destruyeron-bulevar-riviera-veracruzana-de-alvarado","status":"publish","type":"post","link":"https:\/\/encuentroinformativo.com.mx\/?p=30618","title":{"rendered":"Lluvias destruyeron bulevar &#8220;Riviera Veracruzana&#8221; de Alvarado"},"content":{"rendered":"\n<p><strong>Alejandro \u00c1vila<\/strong><\/p>\n\n\n\n<p>Boca del R\u00edo, Ver.- Las intensas lluvias de las \u00faltimas semanas dejaron en p\u00e9simas condiciones el bulevar &#8220;Riviera Veracruzana&#8221; en la zona norte del municipio de Alvarado, en este espacio se encuentran los complejos residenciales de mayor plusval\u00eda en todo el estado de Veracruz.<\/p>\n\n\n\n<p>Ante esta situaci\u00f3n, la alcaldesa de Alvarado, Lizette \u00c1lvarez Vera asegur\u00f3 que trabaj\u00f3 a marchas forzadas para reparar baches y socavones.<\/p>\n\n\n\n<p>Cabe recordar que este tramo de la carretera federal 150, fue entregado en comodato al Ayuntamiento de Alvarado por parte de la Secretar\u00eda de Comunicaciones y Transportes (SCT), durante la administraci\u00f3n de Bogar Ruiz Rosas.<\/p>\n\n\n\n<p>S\u00ed bien durante la pasada administraci\u00f3n de Bogar Ruiz se asegur\u00f3 haber completado dos tercios de iluminaci\u00f3n de este bulevar; la actual presidenta municipal dijo que a su llegada se encontr\u00f3 con todas las luminarias en mal estado, por lo que se encuentra en reparando el tema, desde Plaza El Dorado, en los l\u00edmites con Boca del R\u00edo, hasta la localidad de Anton Lizardo.<\/p>\n\n\n\n<p>&#8220;Quedaron reparados, tuvimos en un d\u00eda una lluvia muy pronunciada y tuvimos algunos socavones, derrames de tierra y se cerraron la carriles, pero todo qued\u00f3 reparado el mismo d\u00eda&#8221;.<\/p>\n\n\n\n<p>La alcaldesa, mencion\u00f3 que hasta el momento solo se registr\u00f3 la afectaci\u00f3n de la carretera y agreg\u00f3 que en caso de alguna otra contingencia el Ayuntamiento tambi\u00e9n actuar\u00e1 de forma inmediata.<\/p>\n","protected":false},"excerpt":{"rendered":"<p>Alejandro \u00c1vila Boca del R\u00edo, Ver.- Las intensas lluvias de las \u00faltimas semanas dejaron en p\u00e9simas condiciones el bulevar &#8220;Riviera Veracruzana&#8221; en la zona norte del municipio de Alvarado, en este espacio se encuentran los complejos residenciales de mayor plusval\u00eda en todo el estado de Veracruz. Ante esta situaci\u00f3n, la alcaldesa de Alvarado, Lizette \u00c1lvarez [&hellip;]<\/p>\n","protected":false},"author":1,"featured_media":30619,"comment_status":"open","ping_status":"open","sticky":false,"template":"","format":"standard","meta":{"_jetpack_memberships_contains_paid_content":false,"footnotes":""},"categories":[2],"tags":[],"class_list":["post-30618","post","type-post","status-publish","format-standard","has-post-thumbnail","hentry","category-estado"],"jetpack_featured_media_url":"https:\/\/encuentroinformativo.com.mx\/wp-content\/uploads\/2022\/08\/B19059D0-87F8-4922-B347-3443B31ACB04.jpeg","jetpack_sharing_enabled":true,"jetpack_likes_enabled":true,"amp_enabled":true,"_links":{"self":[{"href":"https:\/\/encuentroinformativo.com.mx\/index.php?rest_route=\/wp\/v2\/posts\/30618","targetHints":{"allow":["GET"]}}],"collection":[{"href":"https:\/\/encuentroinformativo.com.mx\/index.php?rest_route=\/wp\/v2\/posts"}],"about":[{"href":"https:\/\/encuentroinformativo.com.mx\/index.php?rest_route=\/wp\/v2\/types\/post"}],"author":[{"embeddable":true,"href":"https:\/\/encuentroinformativo.com.mx\/index.php?rest_route=\/wp\/v2\/users\/1"}],"replies":[{"embeddable":true,"href":"https:\/\/encuentroinformativo.com.mx\/index.php?rest_route=%2Fwp%2Fv2%2Fcomments&post=30618"}],"version-history":[{"count":1,"href":"https:\/\/encuentroinformativo.com.mx\/index.php?rest_route=\/wp\/v2\/posts\/30618\/revisions"}],"predecessor-version":[{"id":30620,"href":"https:\/\/encuentroinformativo.com.mx\/index.php?rest_route=\/wp\/v2\/posts\/30618\/revisions\/30620"}],"wp:featuredmedia":[{"embeddable":true,"href":"https:\/\/encuentroinformativo.com.mx\/index.php?rest_route=\/wp\/v2\/media\/30619"}],"wp:attachment":[{"href":"https:\/\/encuentroinformativo.com.mx\/index.php?rest_route=%2Fwp%2Fv2%2Fmedia&parent=30618"}],"wp:term":[{"taxonomy":"category","embeddable":true,"href":"https:\/\/encuentroinformativo.com.mx\/index.php?rest_route=%2Fwp%2Fv2%2Fcategories&post=30618"},{"taxonomy":"post_tag","embeddable":true,"href":"https:\/\/encuentroinformativo.com.mx\/index.php?rest_route=%2Fwp%2Fv2%2Ftags&post=30618"}],"curies":[{"name":"wp","href":"https:\/\/api.w.org\/{rel}","templated":true}]}}