{"id":30621,"date":"2022-08-16T14:31:58","date_gmt":"2022-08-16T19:31:58","guid":{"rendered":"https:\/\/encuentroinformativo.com.mx\/?p=30621"},"modified":"2022-08-16T14:32:02","modified_gmt":"2022-08-16T19:32:02","slug":"colapso-arco-de-coatzintla","status":"publish","type":"post","link":"https:\/\/encuentroinformativo.com.mx\/?p=30621","title":{"rendered":"Colaps\u00f3 arco de Coatzintla"},"content":{"rendered":"\n<p><strong>Juan Arcos <\/strong><\/p>\n\n\n\n<p>Xalapa, Ver.- Por falta de mantenimiento, el arco de bienvenida del municipio de Coatzintla, ubicado en la zona norte del estado de Veracruz, colaps\u00f3 la ma\u00f1ana de este martes 16 de agosto.<\/p>\n\n\n\n<p>La infraestructura se encontraba sobre la carretera Poza Rica hacia la cabecera municipal de Coatzintla, en el tramo conocido como Taj\u00edn-Chote.<\/p>\n\n\n\n<p>En un video que circula en redes sociales se observa el momento exacto en que el arco se desvanece, poco de despu\u00e9s de que se escucha un sonido por las grietas que se formaron en la estructura.<\/p>\n\n\n\n<p>Vecinos de la zona comentaron que el arco de bienvenida fue construido hace unos 14 a\u00f1os y se encontraba cerca del pante\u00f3n del municipio de Poza Rica, conocido como &#8220;Sant\u00edsima Trinidad&#8221;.<\/p>\n\n\n\n<p>Sin embargo, la obra no recibi\u00f3 mantenimiento durante todo ese tiempo, lo que ocasion\u00f3 que \u00e9sta colapsara durante la ma\u00f1ana.<\/p>\n\n\n\n<p>Las autoridades municipales informaron que no se registraron personas lesionadas ni p\u00e9rdidas materiales en la regi\u00f3n del Totonacapan.<\/p>\n\n\n\n<p>En un comunicado, dieron a conocer que se llevan a cabo las labores por parte del personal del ayuntamiento, por instrucciones del alcalde morenista C\u00e9sar Ulises Garcia V\u00e1zquez, quien ha ocupado el cargo por tercera ocasi\u00f3n, dos veces abanderado por el Partido de la Revoluci\u00f3n Democr\u00e1tica (PRD) y esta ocasi\u00f3n por el Movimiento de Regeneraci\u00f3n Nacional (Morena).<\/p>\n\n\n\n<p>\u201cPrimero a Dios que no haya desgracias personales qu\u00e9 lamentar, somos afortunados; las circunstancias pese a lo sucedido no afectaron vidas humanas y lo agradecemos en verdad much\u00edsimo, despu\u00e9s a nuestros amigos y vecinos de Poza Rica a don Fernando el Presidente, por su apoyo como venimos trabajando, s\u00f3lo as\u00ed saldremos adelante como gobierno, fortalecidos porque la solidaridad debe prevalecer m\u00e1s en los pueblos\u201d, expres\u00f3.<\/p>\n\n\n\n<p>El derrumbe del arco ocurri\u00f3 sobre la carretera que conduce a sitios tur\u00edsticos, como la zona arqueol\u00f3gica de El Taj\u00edn, donde cada primavera se realiza el festival internacional Cumbre Taj\u00edn.<\/p>\n\n\n\n<p>Esta v\u00eda de comunicaci\u00f3n ha permanecido constantemente da\u00f1ada, situaci\u00f3n que han se\u00f1alado tanto pobladores de la zona norte de Veracruz como los visitantes.<\/p>\n\n\n\n<figure class=\"wp-block-image size-large\"><img loading=\"lazy\" decoding=\"async\" width=\"591\" height=\"443\" src=\"https:\/\/encuentroinformativo.com.mx\/wp-content\/uploads\/2022\/08\/F7ED7401-AF02-4DDC-A85F-0A58577D3CA0.jpeg\" alt=\"\" class=\"wp-image-30623\" srcset=\"https:\/\/encuentroinformativo.com.mx\/wp-content\/uploads\/2022\/08\/F7ED7401-AF02-4DDC-A85F-0A58577D3CA0.jpeg 591w, https:\/\/encuentroinformativo.com.mx\/wp-content\/uploads\/2022\/08\/F7ED7401-AF02-4DDC-A85F-0A58577D3CA0-300x225.jpeg 300w\" sizes=\"auto, (max-width: 591px) 100vw, 591px\" \/><\/figure>\n","protected":false},"excerpt":{"rendered":"<p>Juan Arcos Xalapa, Ver.- Por falta de mantenimiento, el arco de bienvenida del municipio de Coatzintla, ubicado en la zona norte del estado de Veracruz, colaps\u00f3 la ma\u00f1ana de este martes 16 de agosto. La infraestructura se encontraba sobre la carretera Poza Rica hacia la cabecera municipal de Coatzintla, en el tramo conocido como Taj\u00edn-Chote. [&hellip;]<\/p>\n","protected":false},"author":1,"featured_media":30622,"comment_status":"open","ping_status":"open","sticky":false,"template":"","format":"standard","meta":{"_jetpack_memberships_contains_paid_content":false,"footnotes":""},"categories":[2],"tags":[],"class_list":["post-30621","post","type-post","status-publish","format-standard","has-post-thumbnail","hentry","category-estado"],"jetpack_featured_media_url":"https:\/\/encuentroinformativo.com.mx\/wp-content\/uploads\/2022\/08\/54589AA4-77E9-46FB-A6E2-DDD05F3F4569.jpeg","jetpack_sharing_enabled":true,"jetpack_likes_enabled":true,"amp_enabled":true,"_links":{"self":[{"href":"https:\/\/encuentroinformativo.com.mx\/index.php?rest_route=\/wp\/v2\/posts\/30621","targetHints":{"allow":["GET"]}}],"collection":[{"href":"https:\/\/encuentroinformativo.com.mx\/index.php?rest_route=\/wp\/v2\/posts"}],"about":[{"href":"https:\/\/encuentroinformativo.com.mx\/index.php?rest_route=\/wp\/v2\/types\/post"}],"author":[{"embeddable":true,"href":"https:\/\/encuentroinformativo.com.mx\/index.php?rest_route=\/wp\/v2\/users\/1"}],"replies":[{"embeddable":true,"href":"https:\/\/encuentroinformativo.com.mx\/index.php?rest_route=%2Fwp%2Fv2%2Fcomments&post=30621"}],"version-history":[{"count":1,"href":"https:\/\/encuentroinformativo.com.mx\/index.php?rest_route=\/wp\/v2\/posts\/30621\/revisions"}],"predecessor-version":[{"id":30624,"href":"https:\/\/encuentroinformativo.com.mx\/index.php?rest_route=\/wp\/v2\/posts\/30621\/revisions\/30624"}],"wp:featuredmedia":[{"embeddable":true,"href":"https:\/\/encuentroinformativo.com.mx\/index.php?rest_route=\/wp\/v2\/media\/30622"}],"wp:attachment":[{"href":"https:\/\/encuentroinformativo.com.mx\/index.php?rest_route=%2Fwp%2Fv2%2Fmedia&parent=30621"}],"wp:term":[{"taxonomy":"category","embeddable":true,"href":"https:\/\/encuentroinformativo.com.mx\/index.php?rest_route=%2Fwp%2Fv2%2Fcategories&post=30621"},{"taxonomy":"post_tag","embeddable":true,"href":"https:\/\/encuentroinformativo.com.mx\/index.php?rest_route=%2Fwp%2Fv2%2Ftags&post=30621"}],"curies":[{"name":"wp","href":"https:\/\/api.w.org\/{rel}","templated":true}]}}