{"id":3063,"date":"2020-06-03T19:46:52","date_gmt":"2020-06-04T00:46:52","guid":{"rendered":"https:\/\/encuentroinformativo.com\/?p=3063"},"modified":"2020-06-03T19:46:55","modified_gmt":"2020-06-04T00:46:55","slug":"en-contingencia-no-hay-piso-parejo-acusan-comerciantes","status":"publish","type":"post","link":"https:\/\/encuentroinformativo.com.mx\/?p=3063","title":{"rendered":"En contingencia no hay \u201cpiso parejo\u201d acusan comerciantes"},"content":{"rendered":"\n<p><strong>Dar\u00edo Pale <\/strong><\/p>\n\n\n\n<p>Xalapa, Ver.- Bernardo Mart\u00ednez R\u00edos presidente de la C\u00e1mara Nacional de Comercio en Xalapa (CANACO), dio a conocer que la situaci\u00f3n actual es muy cr\u00edtica para los empresarios y muchos que no lograron renegociar la renta de sus locales por lo que cerraran de forma definitiva.<\/p>\n\n\n\n<p>Entrevistado en las afueras de palacio municipal dio a conocer que la situaci\u00f3n que actualmente se est\u00e1 viviendo es una situaci\u00f3n critica, dif\u00edcil en donde ya no aguantan m\u00e1s pero tambi\u00e9n hacen un llamado a la prudencia ya que primero est\u00e1 la salud que la econom\u00eda.<\/p>\n\n\n\n<p>Se\u00f1al\u00f3 que poder encontrar ese balance en la capital del estado es muy dif\u00edcil ya que mucha gente y no s\u00f3lo en comercios establecidos si no quienes se dedican a otras cosas ya quieren regresar a sus actividades normales para que puedan percibir alg\u00fan ingreso, pero lamentablemente el estado se encuentre con el sem\u00e1foro en rojo lo cual hace que la situaci\u00f3n se torne m\u00e1s dif\u00edcil.<\/p>\n\n\n\n<p>Se\u00f1al\u00f3 que algunas grandes empresas estuvieron abiertas por ser actividades esenciales no obstante no vieron que en esas tiendas se restringieran las ventas de otros art\u00edculos como ropa o telas, por lo cual la queja de los comerciantes es genuina ya que no hubo piso parejo y por otro lado vieron que muchos sectores sobre todo el informal no cuidan los protocolos de salud.<\/p>\n\n\n\n<p>Dio a conocer que a pesar de esta crisis, los comerciantes deben ser responsables al momento de retomar actividades e implementar las acciones preventivas necesarias para cuidar la salud tanto de empleados como de sus clientes.<\/p>\n\n\n\n<p>En otro orden de ideas en lo que se refiere al pago de la renta de los locales dio a conocer que a pesar de que algunos comercios intentaron renegociar el pago de los locales que han permanecido cerrados desde el inicio de la contingencia sanitaria, esto no fue posible por lo que existe la posibilidad de que muchos de estos no vuelvan a abrir sus cortinas.<\/p>\n\n\n\n<p>Por lo que desafortunadamente esto tambi\u00e9n impactar\u00e1 al sector inmobiliario pues con el cierre de comercios muchos de estos locales quedar\u00e1n vac\u00edos, situaci\u00f3n que dijo se suma a la ya de por s\u00ed compleja situaci\u00f3n que se vive dentro de la econom\u00eda local.<\/p>\n\n\n\n<p>&#8220;Muchos empresarios lo que hicieron fue tratar de negociar y bajar las rentas pero en muchos casos esto no fue posible, hoy se pueden ver una gran cantidad de locales con letreros de se vende o se renta, el sector inmobiliario se va a ver muy afectado y nosotros no podemos saber en este momento cu\u00e1ntos negocios no van a volver pero esperamos que podamos ir poco a poco reactivando la econom\u00eda&#8221;, se\u00f1al\u00f3 en la entrevista.<\/p>\n\n\n\n<p>Finalmente el l\u00edder empresarial se\u00f1al\u00f3 que desafortunadamente est\u00e1 situaci\u00f3n tambi\u00e9n ha ocasionado la p\u00e9rdida de empleos, pues a pesar de que muchas empresas han realizado esfuerzos por mantener a su plantilla laboral, la situaci\u00f3n se ha tornado insostenible para muchos, por lo que desafortunadamente han tenido que efectuar recortes.<\/p>\n\n\n\n<p><\/p>\n","protected":false},"excerpt":{"rendered":"<p>Dar\u00edo Pale Xalapa, Ver.- Bernardo Mart\u00ednez R\u00edos presidente de la C\u00e1mara Nacional de Comercio en Xalapa (CANACO), dio a conocer que la situaci\u00f3n actual es muy cr\u00edtica para los empresarios y muchos que no lograron renegociar la renta de sus locales por lo que cerraran de forma definitiva. Entrevistado en las afueras de palacio municipal [&hellip;]<\/p>\n","protected":false},"author":1,"featured_media":3064,"comment_status":"open","ping_status":"open","sticky":false,"template":"","format":"standard","meta":{"_jetpack_memberships_contains_paid_content":false,"footnotes":""},"categories":[3],"tags":[],"class_list":["post-3063","post","type-post","status-publish","format-standard","has-post-thumbnail","hentry","category-xalapa"],"jetpack_featured_media_url":"https:\/\/encuentroinformativo.com.mx\/wp-content\/uploads\/2020\/06\/BF33CDBD-5B87-48FD-AC77-29D6187F37CC.jpeg","jetpack_sharing_enabled":true,"jetpack_likes_enabled":true,"amp_enabled":true,"_links":{"self":[{"href":"https:\/\/encuentroinformativo.com.mx\/index.php?rest_route=\/wp\/v2\/posts\/3063","targetHints":{"allow":["GET"]}}],"collection":[{"href":"https:\/\/encuentroinformativo.com.mx\/index.php?rest_route=\/wp\/v2\/posts"}],"about":[{"href":"https:\/\/encuentroinformativo.com.mx\/index.php?rest_route=\/wp\/v2\/types\/post"}],"author":[{"embeddable":true,"href":"https:\/\/encuentroinformativo.com.mx\/index.php?rest_route=\/wp\/v2\/users\/1"}],"replies":[{"embeddable":true,"href":"https:\/\/encuentroinformativo.com.mx\/index.php?rest_route=%2Fwp%2Fv2%2Fcomments&post=3063"}],"version-history":[{"count":1,"href":"https:\/\/encuentroinformativo.com.mx\/index.php?rest_route=\/wp\/v2\/posts\/3063\/revisions"}],"predecessor-version":[{"id":3065,"href":"https:\/\/encuentroinformativo.com.mx\/index.php?rest_route=\/wp\/v2\/posts\/3063\/revisions\/3065"}],"wp:featuredmedia":[{"embeddable":true,"href":"https:\/\/encuentroinformativo.com.mx\/index.php?rest_route=\/wp\/v2\/media\/3064"}],"wp:attachment":[{"href":"https:\/\/encuentroinformativo.com.mx\/index.php?rest_route=%2Fwp%2Fv2%2Fmedia&parent=3063"}],"wp:term":[{"taxonomy":"category","embeddable":true,"href":"https:\/\/encuentroinformativo.com.mx\/index.php?rest_route=%2Fwp%2Fv2%2Fcategories&post=3063"},{"taxonomy":"post_tag","embeddable":true,"href":"https:\/\/encuentroinformativo.com.mx\/index.php?rest_route=%2Fwp%2Fv2%2Ftags&post=3063"}],"curies":[{"name":"wp","href":"https:\/\/api.w.org\/{rel}","templated":true}]}}