{"id":30630,"date":"2022-08-16T17:35:59","date_gmt":"2022-08-16T22:35:59","guid":{"rendered":"https:\/\/encuentroinformativo.com.mx\/?p=30630"},"modified":"2022-08-16T17:36:02","modified_gmt":"2022-08-16T22:36:02","slug":"boca-del-rio-y-la-uv-suman-esfuerzos-para-el-fortalecimiento-del-municipio-alcalde-jm-unanue","status":"publish","type":"post","link":"https:\/\/encuentroinformativo.com.mx\/?p=30630","title":{"rendered":"Boca del R\u00edo y la UV suman esfuerzos para el fortalecimiento del municipio: Alcalde JM Un\u00e1nue"},"content":{"rendered":"\n<p><strong><em>*Para el dise\u00f1o e implementaci\u00f3n eficiente de proyectos y acciones, que mejoren las condiciones de vida de las familias boque\u00f1as.<\/em><\/strong><\/p>\n\n\n\n<p>Boca del R\u00edo, Ver.-  Para el Gobierno Municipal de Boca del R\u00edo, es de suma importancia generar la profesionalizaci\u00f3n, capacitaci\u00f3n, as\u00ed como la implementaci\u00f3n de diversos proyectos, que mejoren la calidad de vida de los ciudadanos, as\u00ed lo indic\u00f3 el Alcalde, Juan Manuel Un\u00e1nue Abascal.<\/p>\n\n\n\n<p>Por ello, sign\u00f3 con la Universidad Veracruzana (U.V.), un convenio de colaboraci\u00f3n que busca el fortalecimiento municipal, creando un capital social, que mejore a la comunidad boque\u00f1a.<\/p>\n\n\n\n<p>\u201cCelebro la firma de este convenio de colaboraci\u00f3n con el que, sin duda, tendremos la asesor\u00eda t\u00e9cnica necesaria para el dise\u00f1o e implementaci\u00f3n eficiente de proyectos y acciones que mejoren las condiciones de vida de las familias que habitan la ciudad de Boca del R\u00edo\u201d.<\/p>\n\n\n\n<p>En las instalaciones de la Unidad de Servicios Bibliotecarios y de Informaci\u00f3n (USBI), recalc\u00f3 el Presidente Municipal, que para su gobierno, es prioritario realizar alianzas institucionales, que impulsen el fortalecimiento municipal, teniendo clara la importancia de sumar a la academia en este proceso.<\/p>\n\n\n\n<p>\u201cEn esta suma de esfuerzos, llevaremos a cabo acciones de inter\u00e9s mutuo en materia de Gesti\u00f3n Municipal, Medio Ambiente y Desarrollo Sustentable\u201d, destac\u00f3 Un\u00e1nue Abascal.<\/p>\n\n\n\n<p>As\u00ed como en Vialidad, Infraestructura Tur\u00edstica, Desarrollo Comunitario, Difusi\u00f3n Cultural, Divulgaci\u00f3n Art\u00edstica y Salud.<\/p>\n\n\n\n<p>\u201cEste valor agregado que hoy sellamos, fortalece el encuentro y trabajo colaborativo de la academia para contribuir desde su espacialidad al servicio p\u00fablico del Gobierno Municipal de Boca del R\u00edo, que trabaja desde el primer d\u00eda en el desarrollo de nuestra ciudad para que siga consolid\u00e1ndose como lo mejor de Veracruz\u201d.<\/p>\n\n\n\n<p>Por su parte, el Vicerrector de la Universidad Veracruzana, regi\u00f3n Veracruz-Boca del R\u00edo, Doctor Rub\u00e9n Edel Navarro, enfatiz\u00f3 que la colaboraci\u00f3n entre la U.V. y el Ayuntamiento de Boca del R\u00edo, ha rendido frutos de vital importancia para la comunidad universitaria, as\u00ed como para los ciudadanos en general.<\/p>\n\n\n\n<p>Destac\u00f3 que se han otorgado servicios odontol\u00f3gicos, brigadas m\u00e9dicas universitarias, as\u00ed como la primera Feria Social Business Creation en el Foro Boca, adem\u00e1s de capacitaci\u00f3n dirigido al personal de primer contacto con turistas, promoci\u00f3n cultural en las diferentes plazas p\u00fablicas de la ciudad, as\u00ed como participaci\u00f3n en campa\u00f1as de vacunaci\u00f3n y esterilizaci\u00f3n canina y felina, sumando asesor\u00eda en temas de medio ambiente.<\/p>\n\n\n\n<p>\u201cSin duda, nuestra fuerte uni\u00f3n para dar servicios a la comunidad del municipio rinde buenos frutos, y con la formalizaci\u00f3n de este convenio general de colaboraci\u00f3n, se ratifica y avanza en nuestro deber y nuestra mutua misi\u00f3n de brindar servicios en beneficio de nuestros semejantes\u201d, apunt\u00f3 el funcionario de la m\u00e1xima casa de estudios en la entidad veracruzana.<\/p>\n","protected":false},"excerpt":{"rendered":"<p>*Para el dise\u00f1o e implementaci\u00f3n eficiente de proyectos y acciones, que mejoren las condiciones de vida de las familias boque\u00f1as. Boca del R\u00edo, Ver.- Para el Gobierno Municipal de Boca del R\u00edo, es de suma importancia generar la profesionalizaci\u00f3n, capacitaci\u00f3n, as\u00ed como la implementaci\u00f3n de diversos proyectos, que mejoren la calidad de vida de los [&hellip;]<\/p>\n","protected":false},"author":1,"featured_media":30631,"comment_status":"open","ping_status":"open","sticky":false,"template":"","format":"standard","meta":{"_jetpack_memberships_contains_paid_content":false,"footnotes":""},"categories":[2],"tags":[],"class_list":["post-30630","post","type-post","status-publish","format-standard","has-post-thumbnail","hentry","category-estado"],"jetpack_featured_media_url":"https:\/\/encuentroinformativo.com.mx\/wp-content\/uploads\/2022\/08\/4711EF7A-2F89-444A-9806-954255293D56.jpeg","jetpack_sharing_enabled":true,"jetpack_likes_enabled":true,"amp_enabled":true,"_links":{"self":[{"href":"https:\/\/encuentroinformativo.com.mx\/index.php?rest_route=\/wp\/v2\/posts\/30630","targetHints":{"allow":["GET"]}}],"collection":[{"href":"https:\/\/encuentroinformativo.com.mx\/index.php?rest_route=\/wp\/v2\/posts"}],"about":[{"href":"https:\/\/encuentroinformativo.com.mx\/index.php?rest_route=\/wp\/v2\/types\/post"}],"author":[{"embeddable":true,"href":"https:\/\/encuentroinformativo.com.mx\/index.php?rest_route=\/wp\/v2\/users\/1"}],"replies":[{"embeddable":true,"href":"https:\/\/encuentroinformativo.com.mx\/index.php?rest_route=%2Fwp%2Fv2%2Fcomments&post=30630"}],"version-history":[{"count":1,"href":"https:\/\/encuentroinformativo.com.mx\/index.php?rest_route=\/wp\/v2\/posts\/30630\/revisions"}],"predecessor-version":[{"id":30632,"href":"https:\/\/encuentroinformativo.com.mx\/index.php?rest_route=\/wp\/v2\/posts\/30630\/revisions\/30632"}],"wp:featuredmedia":[{"embeddable":true,"href":"https:\/\/encuentroinformativo.com.mx\/index.php?rest_route=\/wp\/v2\/media\/30631"}],"wp:attachment":[{"href":"https:\/\/encuentroinformativo.com.mx\/index.php?rest_route=%2Fwp%2Fv2%2Fmedia&parent=30630"}],"wp:term":[{"taxonomy":"category","embeddable":true,"href":"https:\/\/encuentroinformativo.com.mx\/index.php?rest_route=%2Fwp%2Fv2%2Fcategories&post=30630"},{"taxonomy":"post_tag","embeddable":true,"href":"https:\/\/encuentroinformativo.com.mx\/index.php?rest_route=%2Fwp%2Fv2%2Ftags&post=30630"}],"curies":[{"name":"wp","href":"https:\/\/api.w.org\/{rel}","templated":true}]}}