{"id":30648,"date":"2022-08-17T12:27:35","date_gmt":"2022-08-17T17:27:35","guid":{"rendered":"https:\/\/encuentroinformativo.com.mx\/?p=30648"},"modified":"2022-08-17T12:27:39","modified_gmt":"2022-08-17T17:27:39","slug":"colectivos-anuncian-protesta-por-dia-de-desaparecidos","status":"publish","type":"post","link":"https:\/\/encuentroinformativo.com.mx\/?p=30648","title":{"rendered":"Colectivos anuncian protesta por d\u00eda de desaparecidos"},"content":{"rendered":"\n<p><strong>Juan Arcos<\/strong><\/p>\n\n\n\n<p>Xalapa, Ver.- Colectivos de b\u00fasqueda protestar\u00e1n y marchar\u00e1n el pr\u00f3ximo 30 de agosto en esta ciudad de Xalapa, durante el D\u00eda Internacional de las V\u00edctimas de Desaparici\u00f3n Forzada.<\/p>\n\n\n\n<p>Victoria Delgadillo Romero, integrante del colectivo Familiares Enlaces Xalapa, indic\u00f3 que se coordinar\u00e1n con otros grupos de familiares de desaparecidos para salir a las calles y recordar a las autoridades que las investigaciones no avanzan y que sus seres queridos contin\u00faan extraviados.<\/p>\n\n\n\n<p>La activista indic\u00f3 que los familiares de personas desaparecidas contin\u00faan siendo revictimizadas cuando acuden a la Fiscal\u00eda General del Estado (FGE) para presentar una denuncia por estos casos.<\/p>\n\n\n\n<p>\u201cTe dicen: esp\u00e9rate 72 horas, que no puedes poner denuncia, nos met\u00edan miedo porque dec\u00edan que seguramente andaba en malos pasos, que se hab\u00eda con el novio, que la busc\u00e1ramos en casa, muchas cosas\u201d, expres\u00f3.<\/p>\n\n\n\n<p>Victoria busca a su hija Yunery Citlally Hern\u00e1ndez Delgadillo, quien ten\u00eda 26 a\u00f1os cuando desapareci\u00f3 en noviembre de 2011, en Xalapa, junto con otras 14 j\u00f3venes que hab\u00edan sido invitadas a un evento y nunca regresaron.<\/p>\n\n\n\n<p>Delgadillo Romero refiri\u00f3 que hay carpetas de investigaci\u00f3n por casos de desaparecidos de larga data, pues han pasado diez a\u00f1os o m\u00e1s y hasta el momento no hay indicios que contribuyan a la localizaci\u00f3n de sus familiares.<\/p>\n\n\n\n<p>\u201cLas carpetas est\u00e1n ah\u00ed paradas y no tienen ning\u00fan avance, porque no se est\u00e1 avanzando en ellas\u201d, enfatiz\u00f3 la se\u00f1ora.<\/p>\n\n\n\n<p>En el colectivo que ella representa se acompa\u00f1a a los familiares de 40 personas desaparecidas y m\u00e1s del 50 por ciento de los casos son de larga data.<\/p>\n","protected":false},"excerpt":{"rendered":"<p>Juan Arcos Xalapa, Ver.- Colectivos de b\u00fasqueda protestar\u00e1n y marchar\u00e1n el pr\u00f3ximo 30 de agosto en esta ciudad de Xalapa, durante el D\u00eda Internacional de las V\u00edctimas de Desaparici\u00f3n Forzada. Victoria Delgadillo Romero, integrante del colectivo Familiares Enlaces Xalapa, indic\u00f3 que se coordinar\u00e1n con otros grupos de familiares de desaparecidos para salir a las calles [&hellip;]<\/p>\n","protected":false},"author":1,"featured_media":30649,"comment_status":"open","ping_status":"open","sticky":false,"template":"","format":"standard","meta":{"_jetpack_memberships_contains_paid_content":false,"footnotes":""},"categories":[3],"tags":[],"class_list":["post-30648","post","type-post","status-publish","format-standard","has-post-thumbnail","hentry","category-xalapa"],"jetpack_featured_media_url":"https:\/\/encuentroinformativo.com.mx\/wp-content\/uploads\/2022\/08\/93619AF6-49B0-47DC-8B2D-766B97161564.jpeg","jetpack_sharing_enabled":true,"jetpack_likes_enabled":true,"amp_enabled":true,"_links":{"self":[{"href":"https:\/\/encuentroinformativo.com.mx\/index.php?rest_route=\/wp\/v2\/posts\/30648","targetHints":{"allow":["GET"]}}],"collection":[{"href":"https:\/\/encuentroinformativo.com.mx\/index.php?rest_route=\/wp\/v2\/posts"}],"about":[{"href":"https:\/\/encuentroinformativo.com.mx\/index.php?rest_route=\/wp\/v2\/types\/post"}],"author":[{"embeddable":true,"href":"https:\/\/encuentroinformativo.com.mx\/index.php?rest_route=\/wp\/v2\/users\/1"}],"replies":[{"embeddable":true,"href":"https:\/\/encuentroinformativo.com.mx\/index.php?rest_route=%2Fwp%2Fv2%2Fcomments&post=30648"}],"version-history":[{"count":1,"href":"https:\/\/encuentroinformativo.com.mx\/index.php?rest_route=\/wp\/v2\/posts\/30648\/revisions"}],"predecessor-version":[{"id":30650,"href":"https:\/\/encuentroinformativo.com.mx\/index.php?rest_route=\/wp\/v2\/posts\/30648\/revisions\/30650"}],"wp:featuredmedia":[{"embeddable":true,"href":"https:\/\/encuentroinformativo.com.mx\/index.php?rest_route=\/wp\/v2\/media\/30649"}],"wp:attachment":[{"href":"https:\/\/encuentroinformativo.com.mx\/index.php?rest_route=%2Fwp%2Fv2%2Fmedia&parent=30648"}],"wp:term":[{"taxonomy":"category","embeddable":true,"href":"https:\/\/encuentroinformativo.com.mx\/index.php?rest_route=%2Fwp%2Fv2%2Fcategories&post=30648"},{"taxonomy":"post_tag","embeddable":true,"href":"https:\/\/encuentroinformativo.com.mx\/index.php?rest_route=%2Fwp%2Fv2%2Ftags&post=30648"}],"curies":[{"name":"wp","href":"https:\/\/api.w.org\/{rel}","templated":true}]}}