{"id":30660,"date":"2022-08-17T14:00:21","date_gmt":"2022-08-17T19:00:21","guid":{"rendered":"https:\/\/encuentroinformativo.com.mx\/?p=30660"},"modified":"2022-08-17T14:00:24","modified_gmt":"2022-08-17T19:00:24","slug":"regularizan-abasto-de-medicamentos-senalan-padres-de-familia","status":"publish","type":"post","link":"https:\/\/encuentroinformativo.com.mx\/?p=30660","title":{"rendered":"Regularizan abasto de medicamentos, se\u00f1alan padres de familia"},"content":{"rendered":"\n<p><strong>Dar\u00edo Pale <\/strong><\/p>\n\n\n\n<p>Xalapa, Ver.- El abasto y distribuci\u00f3n de medicamentos para pacientes oncopediatras que reciben tratamiento en el Hospital de Alta Especialidad de Veracruz (HAEV) y el Centro Estatal de Cancerolog\u00eda (CECAN), se ha normalizado por completo destacaron las madres de los menores, quienes durante la presente semana han sostenido reuniones de trabajo con el Director Administrativo de Servicios de Salud de Veracruz, Jorge Sisniega Fern\u00e1ndez.\u00a0<\/p>\n\n\n\n<p>En los encuentros realizados el lunes en el HAEV y el martes en el CECAN, las mam\u00e1s de los menores realizaron peticiones para reforzar temas relativos a las quimioterapias, traslado de los pacientes as\u00ed como de infraestructura, reiterando que el abasto de medicamentos, materiales e insumos para el tratamiento oncol\u00f3gico de sus hijos se lleva a cabo de manera correcta.<\/p>\n\n\n\n<p>Este tipo de reuniones de trabajo las realiza de manera peri\u00f3dica la Secretar\u00eda de Salud y Servicios de Salud de Veracruz a trav\u00e9s de la Direcci\u00f3n Administrativa de SESVER, con el objetivo de dar seguimiento a\u00a0 cada uno de los acuerdos tomados con las madres de los pacientes oncopedi\u00e1tricos en tratamiento.<\/p>\n","protected":false},"excerpt":{"rendered":"<p>Dar\u00edo Pale Xalapa, Ver.- El abasto y distribuci\u00f3n de medicamentos para pacientes oncopediatras que reciben tratamiento en el Hospital de Alta Especialidad de Veracruz (HAEV) y el Centro Estatal de Cancerolog\u00eda (CECAN), se ha normalizado por completo destacaron las madres de los menores, quienes durante la presente semana han sostenido reuniones de trabajo con el [&hellip;]<\/p>\n","protected":false},"author":1,"featured_media":30661,"comment_status":"open","ping_status":"open","sticky":false,"template":"","format":"standard","meta":{"_jetpack_memberships_contains_paid_content":false,"footnotes":""},"categories":[9],"tags":[],"class_list":["post-30660","post","type-post","status-publish","format-standard","has-post-thumbnail","hentry","category-salud"],"jetpack_featured_media_url":"https:\/\/encuentroinformativo.com.mx\/wp-content\/uploads\/2022\/08\/9DC97D58-F61D-4A04-8491-D705DFA4815B.jpeg","jetpack_sharing_enabled":true,"jetpack_likes_enabled":true,"amp_enabled":true,"_links":{"self":[{"href":"https:\/\/encuentroinformativo.com.mx\/index.php?rest_route=\/wp\/v2\/posts\/30660","targetHints":{"allow":["GET"]}}],"collection":[{"href":"https:\/\/encuentroinformativo.com.mx\/index.php?rest_route=\/wp\/v2\/posts"}],"about":[{"href":"https:\/\/encuentroinformativo.com.mx\/index.php?rest_route=\/wp\/v2\/types\/post"}],"author":[{"embeddable":true,"href":"https:\/\/encuentroinformativo.com.mx\/index.php?rest_route=\/wp\/v2\/users\/1"}],"replies":[{"embeddable":true,"href":"https:\/\/encuentroinformativo.com.mx\/index.php?rest_route=%2Fwp%2Fv2%2Fcomments&post=30660"}],"version-history":[{"count":1,"href":"https:\/\/encuentroinformativo.com.mx\/index.php?rest_route=\/wp\/v2\/posts\/30660\/revisions"}],"predecessor-version":[{"id":30662,"href":"https:\/\/encuentroinformativo.com.mx\/index.php?rest_route=\/wp\/v2\/posts\/30660\/revisions\/30662"}],"wp:featuredmedia":[{"embeddable":true,"href":"https:\/\/encuentroinformativo.com.mx\/index.php?rest_route=\/wp\/v2\/media\/30661"}],"wp:attachment":[{"href":"https:\/\/encuentroinformativo.com.mx\/index.php?rest_route=%2Fwp%2Fv2%2Fmedia&parent=30660"}],"wp:term":[{"taxonomy":"category","embeddable":true,"href":"https:\/\/encuentroinformativo.com.mx\/index.php?rest_route=%2Fwp%2Fv2%2Fcategories&post=30660"},{"taxonomy":"post_tag","embeddable":true,"href":"https:\/\/encuentroinformativo.com.mx\/index.php?rest_route=%2Fwp%2Fv2%2Ftags&post=30660"}],"curies":[{"name":"wp","href":"https:\/\/api.w.org\/{rel}","templated":true}]}}