{"id":30663,"date":"2022-08-17T14:05:05","date_gmt":"2022-08-17T19:05:05","guid":{"rendered":"https:\/\/encuentroinformativo.com.mx\/?p=30663"},"modified":"2022-08-17T14:05:08","modified_gmt":"2022-08-17T19:05:08","slug":"solicita-snte-capacitar-a-docentes-en-nuevo-modelo-educativo","status":"publish","type":"post","link":"https:\/\/encuentroinformativo.com.mx\/?p=30663","title":{"rendered":"Solicita SNTE capacitar a docentes en nuevo modelo educativo"},"content":{"rendered":"\n<p><strong>Juan Arcos <\/strong><\/p>\n\n\n\n<p>Xalapa, Ver.- El programa piloto de la Nueva Escuela Mexicana entrar\u00e1 en funciones en 30 planteles de educaci\u00f3n b\u00e1sica del estado de Veracruz cuando inicie el ciclo escolar 2022-2023.<\/p>\n\n\n\n<p>En ese sentido, el secretario general de la Secci\u00f3n 56 del Sindicato Nacional de Trabajadores de la Educaci\u00f3n (SNTE), Jos\u00e9 Reveriano Mar\u00edn Hern\u00e1ndez, pidi\u00f3 a la Secretar\u00eda de Educaci\u00f3n P\u00fablica (SEP) que los docentes sean capacitados.<\/p>\n\n\n\n<p>A\u00f1adi\u00f3 que a partir del pr\u00f3ximo lunes 22 de agosto se llevar\u00e1n a cabo reuniones con autoridades educativas de la Federaci\u00f3n.<\/p>\n\n\n\n<p>\u201cS\u00ed es cierto que hay cr\u00edticas pero tambi\u00e9n se se\u00f1alar\u00e1n aciertos, tenemos que llegar a un punto donde los beneficiados sean ni\u00f1os y j\u00f3venes con educaci\u00f3n de calidad, significativa e incluyente y que sirva a los estudiantes\u201d, expres\u00f3 el l\u00edder sindical.<\/p>\n\n\n\n<p>Recientemente, la SEP inform\u00f3 que la propuesta pedag\u00f3gica ser\u00e1 impulsada en 30 escuelas de cada entidad federativa, como parte del programa piloto.\u00a0<\/p>\n\n\n\n<p>\u201cEl 30 de septiembre tendremos un conversatorio, porque nos tenemos que estar alimentando de este piloto y el SNTE har\u00e1 su propuesta de lo qu\u00e9 recogeremos de los trabajadores de la educaci\u00f3n, por lo que se pedir\u00e1 que se capaciten a los maestros en el nuevo plan\u201d, a\u00f1adi\u00f3 Mar\u00edn Hern\u00e1ndez.<\/p>\n\n\n\n<p>El pr\u00f3ximo lunes, la extitular de la Secretar\u00eda de Educaci\u00f3n P\u00fablica, Delfina G\u00f3mez \u00c1lvarez, y la nueva titular de la dependencia, Leticia Ram\u00edrez Amaya, visitar\u00e1n el municipio de Tuxpan, donde se dar\u00e1 seguimiento al programa mencionado.<\/p>\n\n\n\n<p>El titular de la Secretar\u00eda de Educaci\u00f3n de Veracruz (SEV), Zenyazen Escobar Garc\u00eda, estuvo en la presentaci\u00f3n p\u00fablica del Plan de Estudios de Educaci\u00f3n B\u00e1sica para el ciclo escolar 2022-2023, en la Ciudad de M\u00e9xico, durante el lunes 16 de agosto, donde refrend\u00f3 su compromiso con la educaci\u00f3n ante autoridades federales.<\/p>\n","protected":false},"excerpt":{"rendered":"<p>Juan Arcos Xalapa, Ver.- El programa piloto de la Nueva Escuela Mexicana entrar\u00e1 en funciones en 30 planteles de educaci\u00f3n b\u00e1sica del estado de Veracruz cuando inicie el ciclo escolar 2022-2023. En ese sentido, el secretario general de la Secci\u00f3n 56 del Sindicato Nacional de Trabajadores de la Educaci\u00f3n (SNTE), Jos\u00e9 Reveriano Mar\u00edn Hern\u00e1ndez, pidi\u00f3 [&hellip;]<\/p>\n","protected":false},"author":1,"featured_media":30664,"comment_status":"open","ping_status":"open","sticky":false,"template":"","format":"standard","meta":{"_jetpack_memberships_contains_paid_content":false,"footnotes":""},"categories":[2],"tags":[],"class_list":["post-30663","post","type-post","status-publish","format-standard","has-post-thumbnail","hentry","category-estado"],"jetpack_featured_media_url":"https:\/\/encuentroinformativo.com.mx\/wp-content\/uploads\/2022\/08\/7D15950A-DF05-4A93-B2E5-0CC2D413C30E.jpeg","jetpack_sharing_enabled":true,"jetpack_likes_enabled":true,"amp_enabled":true,"_links":{"self":[{"href":"https:\/\/encuentroinformativo.com.mx\/index.php?rest_route=\/wp\/v2\/posts\/30663","targetHints":{"allow":["GET"]}}],"collection":[{"href":"https:\/\/encuentroinformativo.com.mx\/index.php?rest_route=\/wp\/v2\/posts"}],"about":[{"href":"https:\/\/encuentroinformativo.com.mx\/index.php?rest_route=\/wp\/v2\/types\/post"}],"author":[{"embeddable":true,"href":"https:\/\/encuentroinformativo.com.mx\/index.php?rest_route=\/wp\/v2\/users\/1"}],"replies":[{"embeddable":true,"href":"https:\/\/encuentroinformativo.com.mx\/index.php?rest_route=%2Fwp%2Fv2%2Fcomments&post=30663"}],"version-history":[{"count":1,"href":"https:\/\/encuentroinformativo.com.mx\/index.php?rest_route=\/wp\/v2\/posts\/30663\/revisions"}],"predecessor-version":[{"id":30665,"href":"https:\/\/encuentroinformativo.com.mx\/index.php?rest_route=\/wp\/v2\/posts\/30663\/revisions\/30665"}],"wp:featuredmedia":[{"embeddable":true,"href":"https:\/\/encuentroinformativo.com.mx\/index.php?rest_route=\/wp\/v2\/media\/30664"}],"wp:attachment":[{"href":"https:\/\/encuentroinformativo.com.mx\/index.php?rest_route=%2Fwp%2Fv2%2Fmedia&parent=30663"}],"wp:term":[{"taxonomy":"category","embeddable":true,"href":"https:\/\/encuentroinformativo.com.mx\/index.php?rest_route=%2Fwp%2Fv2%2Fcategories&post=30663"},{"taxonomy":"post_tag","embeddable":true,"href":"https:\/\/encuentroinformativo.com.mx\/index.php?rest_route=%2Fwp%2Fv2%2Ftags&post=30663"}],"curies":[{"name":"wp","href":"https:\/\/api.w.org\/{rel}","templated":true}]}}