{"id":30666,"date":"2022-08-17T14:36:32","date_gmt":"2022-08-17T19:36:32","guid":{"rendered":"https:\/\/encuentroinformativo.com.mx\/?p=30666"},"modified":"2022-08-17T14:36:36","modified_gmt":"2022-08-17T19:36:36","slug":"supera-veracruz-ocupacion-hotelera-del-80-sectur","status":"publish","type":"post","link":"https:\/\/encuentroinformativo.com.mx\/?p=30666","title":{"rendered":"Supera Veracruz ocupaci\u00f3n hotelera del 80%: Sectur"},"content":{"rendered":"\n<p><strong>Alejandro \u00c1vila<\/strong><\/p>\n\n\n\n<p>Veracruz, Ver.- El secretario de Turismo de Veracruz, Iv\u00e1n Francisco Mart\u00ednez Olvera mencion\u00f3 qu\u00e9 a la fecha, la entidad registra un 87 por ciento de ocupaci\u00f3n hotelera.<\/p>\n\n\n\n<p>&#8220;Estamos al 87 por ciento de lo que se logr\u00f3 en el 2019, nos falta la mitad del periodo. Es una semana m\u00e1s fuerte y de ah\u00ed otra m\u00e1s d\u00e9bil en el periodo vacacional porque ya viene la curva para ya entrar a las clases, pero como lo marca el calendario estaremos rebasando c\u00f3mo por el 50-52 por ciento por arriba de los n\u00fameros de 2019&#8221;, se\u00f1al\u00f3.<\/p>\n\n\n\n<p>El funcionario estatal, destac\u00f3 que en 2019 se recibieron 2 millones de visitantes en este periodo vacacional y agreg\u00f3 que al momento se ha recibido a un mill\u00f3n 700 mil personas, por lo que reiter\u00f3 que las cifras son positivas.<\/p>\n\n\n\n<p>Lo anterior lo mencion\u00f3 en el marco de la presentaci\u00f3n del Costa Esmeralda Fest 2022, evento que se llevar\u00e1 a cabo del 2 al 4 de septiembre.<\/p>\n\n\n\n<p>Mart\u00ednez Olvera, detall\u00f3 que en el evento se realizar\u00e1n eventos deportivos y culturales, adem\u00e1s de conciertos para todos los gustos.<\/p>\n\n\n\n<p>Dentro del elenco que se presentar\u00e1 en el Festival est\u00e1 Inspector, Gente de Zona, Divisi\u00f3n Min\u00fascula, entre otros.<\/p>\n","protected":false},"excerpt":{"rendered":"<p>Alejandro \u00c1vila Veracruz, Ver.- El secretario de Turismo de Veracruz, Iv\u00e1n Francisco Mart\u00ednez Olvera mencion\u00f3 qu\u00e9 a la fecha, la entidad registra un 87 por ciento de ocupaci\u00f3n hotelera. &#8220;Estamos al 87 por ciento de lo que se logr\u00f3 en el 2019, nos falta la mitad del periodo. Es una semana m\u00e1s fuerte y de [&hellip;]<\/p>\n","protected":false},"author":1,"featured_media":30667,"comment_status":"open","ping_status":"open","sticky":false,"template":"","format":"standard","meta":{"_jetpack_memberships_contains_paid_content":false,"footnotes":""},"categories":[2],"tags":[],"class_list":["post-30666","post","type-post","status-publish","format-standard","has-post-thumbnail","hentry","category-estado"],"jetpack_featured_media_url":"https:\/\/encuentroinformativo.com.mx\/wp-content\/uploads\/2022\/08\/1A4C2808-C2EA-4B19-B349-D0E8FB9D03CF.jpeg","jetpack_sharing_enabled":true,"jetpack_likes_enabled":true,"amp_enabled":true,"_links":{"self":[{"href":"https:\/\/encuentroinformativo.com.mx\/index.php?rest_route=\/wp\/v2\/posts\/30666","targetHints":{"allow":["GET"]}}],"collection":[{"href":"https:\/\/encuentroinformativo.com.mx\/index.php?rest_route=\/wp\/v2\/posts"}],"about":[{"href":"https:\/\/encuentroinformativo.com.mx\/index.php?rest_route=\/wp\/v2\/types\/post"}],"author":[{"embeddable":true,"href":"https:\/\/encuentroinformativo.com.mx\/index.php?rest_route=\/wp\/v2\/users\/1"}],"replies":[{"embeddable":true,"href":"https:\/\/encuentroinformativo.com.mx\/index.php?rest_route=%2Fwp%2Fv2%2Fcomments&post=30666"}],"version-history":[{"count":1,"href":"https:\/\/encuentroinformativo.com.mx\/index.php?rest_route=\/wp\/v2\/posts\/30666\/revisions"}],"predecessor-version":[{"id":30668,"href":"https:\/\/encuentroinformativo.com.mx\/index.php?rest_route=\/wp\/v2\/posts\/30666\/revisions\/30668"}],"wp:featuredmedia":[{"embeddable":true,"href":"https:\/\/encuentroinformativo.com.mx\/index.php?rest_route=\/wp\/v2\/media\/30667"}],"wp:attachment":[{"href":"https:\/\/encuentroinformativo.com.mx\/index.php?rest_route=%2Fwp%2Fv2%2Fmedia&parent=30666"}],"wp:term":[{"taxonomy":"category","embeddable":true,"href":"https:\/\/encuentroinformativo.com.mx\/index.php?rest_route=%2Fwp%2Fv2%2Fcategories&post=30666"},{"taxonomy":"post_tag","embeddable":true,"href":"https:\/\/encuentroinformativo.com.mx\/index.php?rest_route=%2Fwp%2Fv2%2Ftags&post=30666"}],"curies":[{"name":"wp","href":"https:\/\/api.w.org\/{rel}","templated":true}]}}