{"id":30677,"date":"2022-08-17T23:43:25","date_gmt":"2022-08-18T04:43:25","guid":{"rendered":"https:\/\/encuentroinformativo.com.mx\/?p=30677"},"modified":"2022-08-17T23:43:28","modified_gmt":"2022-08-18T04:43:28","slug":"clausura-alcalde-jm-unanue-las-clases-gratuitas-de-ingles-frances-y-braille","status":"publish","type":"post","link":"https:\/\/encuentroinformativo.com.mx\/?p=30677","title":{"rendered":"Clausura Alcalde JM Un\u00e1nue las clases gratuitas de ingl\u00e9s, franc\u00e9s y braille"},"content":{"rendered":"\n<p><strong>*<em>Seguiremos impulsando una educaci\u00f3n que incluya a todos los ni\u00f1os y j\u00f3venes por igual, destac\u00f3<\/em>.<\/strong><\/p>\n\n\n\n<p>Boca del R\u00edo, Ver.- Despu\u00e9s de tres meses y una gran convocatoria, finalizaron las clases gratuitas de ingl\u00e9s, franc\u00e9s y braille, a las que convoc\u00f3 el Presidente Municipal, Juan Manuel Un\u00e1nue Abascal, a trav\u00e9s de la Direcci\u00f3n de Educaci\u00f3n de Boca del R\u00edo.<\/p>\n\n\n\n<p>\u201cAgradezco el compromiso, la idea de realizar estas clases durante estos tres meses, sobre todo tomando en cuenta que estaban pr\u00e1cticamente paralizadas las clases presenciales y aprovechando al m\u00e1ximo esta aula digital, se realizaron las clases de braille, de franc\u00e9s e ingl\u00e9s\u201d.<\/p>\n\n\n\n<p>En la ceremonia de clausura, el edil felicit\u00f3 a las ni\u00f1as, ni\u00f1os y adultos que cursaron las clases, adem\u00e1s de agradecer a las madres y padres de familia por su confianza a la iniciativa del Ayuntamiento boque\u00f1o.<\/p>\n\n\n\n<p>\u201cLa idea tambi\u00e9n, es seguir llevando a cabo este tipo de cursos, clases y capacitaciones y decirles que siguen contando con nosotros\u201d, enfatiz\u00f3 Un\u00e1nue Abascal.<\/p>\n\n\n\n<p>En tanto, la Presidenta del DIF de Boca del R\u00edo, Melina Rivera de Un\u00e1nue, se mostr\u00f3 contenta por la realizaci\u00f3n de las clases durante este trimestre que finaliza, \u201ces un sue\u00f1o hecho realidad\u201d.<\/p>\n\n\n\n<p>\u201cCuando ustedes se presentan aqu\u00ed, antes hay un proceso, desde buscar algo que les quede c\u00f3modo a donde todos puedan llegar y que los pap\u00e1s se queden tranquilos de saber que ustedes est\u00e1n cuidados\u201d, resaltando el gran esfuerzo que realiza la administraci\u00f3n municipal.<\/p>\n\n\n\n<p>Subray\u00f3 que estas clases que se realizaron en la Aula Digital, \u201ces algo que les va a servir mucho y es de aprovecharlo al m\u00e1ximo\u201d, destacando la participaci\u00f3n de los adultos, quienes gustan continuar con su preparaci\u00f3n.<\/p>\n\n\n\n<p>Por su parte, la supervisora escolar Zona 14, Herlinda Robert Ch\u00e1vez, agradeci\u00f3 la disposici\u00f3n del Alcalde Juan Manuel Un\u00e1nue Abascal, de respaldar la iniciativa de ofertar las clases de ingl\u00e9s, franc\u00e9s y braille, pues todos los participantes, se llevan un proceso de aprendizaje.<\/p>\n\n\n\n<p>\u201cAgradecemos el apoyo que nos dan para que todos los chicos que est\u00e1n aqu\u00ed y todas las personas mayores, porque tenemos adultos que tambi\u00e9n han venido con mucho agrado recibir estas clases\u201d.<\/p>\n\n\n\n<p>Por \u00faltimo, el Ejecutivo Municipal, destac\u00f3 la presencia y labor de las maestras; Lorena Cecilia Peralta Mart\u00ednez (Braille), Rosalynn Aguilera Rinc\u00f3n (Ingl\u00e9s) y Evelyn Aimee Temich Chiguil (Franc\u00e9s), quienes perfectamente capacitadas, estuvieron el frente de las clases.<\/p>\n","protected":false},"excerpt":{"rendered":"<p>*Seguiremos impulsando una educaci\u00f3n que incluya a todos los ni\u00f1os y j\u00f3venes por igual, destac\u00f3. Boca del R\u00edo, Ver.- Despu\u00e9s de tres meses y una gran convocatoria, finalizaron las clases gratuitas de ingl\u00e9s, franc\u00e9s y braille, a las que convoc\u00f3 el Presidente Municipal, Juan Manuel Un\u00e1nue Abascal, a trav\u00e9s de la Direcci\u00f3n de Educaci\u00f3n de [&hellip;]<\/p>\n","protected":false},"author":1,"featured_media":30678,"comment_status":"open","ping_status":"open","sticky":false,"template":"","format":"standard","meta":{"_jetpack_memberships_contains_paid_content":false,"footnotes":""},"categories":[2],"tags":[],"class_list":["post-30677","post","type-post","status-publish","format-standard","has-post-thumbnail","hentry","category-estado"],"jetpack_featured_media_url":"https:\/\/encuentroinformativo.com.mx\/wp-content\/uploads\/2022\/08\/3C907628-B706-4A78-93F3-4F7D6BE8208F.jpeg","jetpack_sharing_enabled":true,"jetpack_likes_enabled":true,"amp_enabled":true,"_links":{"self":[{"href":"https:\/\/encuentroinformativo.com.mx\/index.php?rest_route=\/wp\/v2\/posts\/30677","targetHints":{"allow":["GET"]}}],"collection":[{"href":"https:\/\/encuentroinformativo.com.mx\/index.php?rest_route=\/wp\/v2\/posts"}],"about":[{"href":"https:\/\/encuentroinformativo.com.mx\/index.php?rest_route=\/wp\/v2\/types\/post"}],"author":[{"embeddable":true,"href":"https:\/\/encuentroinformativo.com.mx\/index.php?rest_route=\/wp\/v2\/users\/1"}],"replies":[{"embeddable":true,"href":"https:\/\/encuentroinformativo.com.mx\/index.php?rest_route=%2Fwp%2Fv2%2Fcomments&post=30677"}],"version-history":[{"count":1,"href":"https:\/\/encuentroinformativo.com.mx\/index.php?rest_route=\/wp\/v2\/posts\/30677\/revisions"}],"predecessor-version":[{"id":30679,"href":"https:\/\/encuentroinformativo.com.mx\/index.php?rest_route=\/wp\/v2\/posts\/30677\/revisions\/30679"}],"wp:featuredmedia":[{"embeddable":true,"href":"https:\/\/encuentroinformativo.com.mx\/index.php?rest_route=\/wp\/v2\/media\/30678"}],"wp:attachment":[{"href":"https:\/\/encuentroinformativo.com.mx\/index.php?rest_route=%2Fwp%2Fv2%2Fmedia&parent=30677"}],"wp:term":[{"taxonomy":"category","embeddable":true,"href":"https:\/\/encuentroinformativo.com.mx\/index.php?rest_route=%2Fwp%2Fv2%2Fcategories&post=30677"},{"taxonomy":"post_tag","embeddable":true,"href":"https:\/\/encuentroinformativo.com.mx\/index.php?rest_route=%2Fwp%2Fv2%2Ftags&post=30677"}],"curies":[{"name":"wp","href":"https:\/\/api.w.org\/{rel}","templated":true}]}}