{"id":30687,"date":"2022-08-18T12:28:22","date_gmt":"2022-08-18T17:28:22","guid":{"rendered":"https:\/\/encuentroinformativo.com.mx\/?p=30687"},"modified":"2022-08-18T12:28:26","modified_gmt":"2022-08-18T17:28:26","slug":"pobladores-de-tlaltetela-padecen-por-temporada-estiaje","status":"publish","type":"post","link":"https:\/\/encuentroinformativo.com.mx\/?p=30687","title":{"rendered":"Pobladores de  Tlaltetela padecen por temporada estiaje"},"content":{"rendered":"\n<p><strong>Juan Arcos<\/strong><\/p>\n\n\n\n<p>Xalapa, Ver.- El municipio de Tlaltetela, localizado en la regi\u00f3n de las Monta\u00f1as del estado de Veracruz, padeci\u00f3 una de las crisis m\u00e1s severas por el desabasto de agua durante la temporada de estiaje.<\/p>\n\n\n\n<p>De acuerdo con las autoridades municipales, el sitio pas\u00f3 hasta tres meses sin el servicio de agua potable, mismo que es suministrado por la Comisi\u00f3n de Agua del Estado de Veracruz (CAEV).<\/p>\n\n\n\n<p>El presidente municipal Alfonso Moreno Fern\u00e1ndez record\u00f3 que la CAEV tard\u00f3 en abastecer las viviendas con pipas, acciones que tuvo que llevar a cabo el ayuntamiento.<\/p>\n\n\n\n<p>\u201cTodas las comunidades est\u00e1n sufriendo de agua, principalmente Tlaltetela, Tlaltetela este a\u00f1o sufri\u00f3 bastante de agua porque hab\u00eda familias que ya ten\u00edan tres meses sin agua\u201d, expres\u00f3 el edil.<\/p>\n\n\n\n<p>Los pobladores se vieron en la necesidad de protestar, en semanas pasadas, para exigir a las autoridades que garantizaran dicho servicio b\u00e1sico.<\/p>\n\n\n\n<p>\u201cAh\u00ed el agua la cobra CAEV, pero en este a\u00f1o se tardaron para llevar las pipas ,se manifest\u00f3 la gente y a lo \u00faltimo se tuvieron que acarrear, ellos pusieron aguas por parte de CAEV, nosotros por parte del municipio pusimos otras y ah\u00ed solventamos un poco lo que es, pero la verdad es que la seca estuvo muy fuerte esta vez\u201d, enfatiz\u00f3.<\/p>\n\n\n\n<p>A\u00f1adi\u00f3 que la anterior administraci\u00f3n municipal compr\u00f3 un manantial en la localidad Comalixhuatla, municipio de Ixhuacan de los Reyes, otra fuente de abastecimiento para Tlaltetela.<\/p>\n\n\n\n<p>Moreno Fern\u00e1ndez refiri\u00f3 que se est\u00e1 buscando el apoyo del gobierno estatal para acarrear el agua de dicho manantial, a una distancia de 15 kil\u00f3metros, por lo que se requiere una obra hidr\u00e1ulica.<\/p>\n\n\n\n<p>\u201cEs un estimado de entre 30 y 35 millones solo para traer el agua y llegue a las cajas y ah\u00ed se distribuye solita y el agua vendr\u00eda a desnivel\u201d, remat\u00f3 el Alcalde.<\/p>\n","protected":false},"excerpt":{"rendered":"<p>Juan Arcos Xalapa, Ver.- El municipio de Tlaltetela, localizado en la regi\u00f3n de las Monta\u00f1as del estado de Veracruz, padeci\u00f3 una de las crisis m\u00e1s severas por el desabasto de agua durante la temporada de estiaje. De acuerdo con las autoridades municipales, el sitio pas\u00f3 hasta tres meses sin el servicio de agua potable, mismo [&hellip;]<\/p>\n","protected":false},"author":1,"featured_media":30688,"comment_status":"open","ping_status":"open","sticky":false,"template":"","format":"standard","meta":{"_jetpack_memberships_contains_paid_content":false,"footnotes":""},"categories":[8],"tags":[],"class_list":["post-30687","post","type-post","status-publish","format-standard","has-post-thumbnail","hentry","category-region"],"jetpack_featured_media_url":"https:\/\/encuentroinformativo.com.mx\/wp-content\/uploads\/2022\/08\/604B5D61-303C-4B30-965F-82B7255528D9.jpeg","jetpack_sharing_enabled":true,"jetpack_likes_enabled":true,"amp_enabled":true,"_links":{"self":[{"href":"https:\/\/encuentroinformativo.com.mx\/index.php?rest_route=\/wp\/v2\/posts\/30687","targetHints":{"allow":["GET"]}}],"collection":[{"href":"https:\/\/encuentroinformativo.com.mx\/index.php?rest_route=\/wp\/v2\/posts"}],"about":[{"href":"https:\/\/encuentroinformativo.com.mx\/index.php?rest_route=\/wp\/v2\/types\/post"}],"author":[{"embeddable":true,"href":"https:\/\/encuentroinformativo.com.mx\/index.php?rest_route=\/wp\/v2\/users\/1"}],"replies":[{"embeddable":true,"href":"https:\/\/encuentroinformativo.com.mx\/index.php?rest_route=%2Fwp%2Fv2%2Fcomments&post=30687"}],"version-history":[{"count":1,"href":"https:\/\/encuentroinformativo.com.mx\/index.php?rest_route=\/wp\/v2\/posts\/30687\/revisions"}],"predecessor-version":[{"id":30689,"href":"https:\/\/encuentroinformativo.com.mx\/index.php?rest_route=\/wp\/v2\/posts\/30687\/revisions\/30689"}],"wp:featuredmedia":[{"embeddable":true,"href":"https:\/\/encuentroinformativo.com.mx\/index.php?rest_route=\/wp\/v2\/media\/30688"}],"wp:attachment":[{"href":"https:\/\/encuentroinformativo.com.mx\/index.php?rest_route=%2Fwp%2Fv2%2Fmedia&parent=30687"}],"wp:term":[{"taxonomy":"category","embeddable":true,"href":"https:\/\/encuentroinformativo.com.mx\/index.php?rest_route=%2Fwp%2Fv2%2Fcategories&post=30687"},{"taxonomy":"post_tag","embeddable":true,"href":"https:\/\/encuentroinformativo.com.mx\/index.php?rest_route=%2Fwp%2Fv2%2Ftags&post=30687"}],"curies":[{"name":"wp","href":"https:\/\/api.w.org\/{rel}","templated":true}]}}