{"id":30693,"date":"2022-08-18T12:55:04","date_gmt":"2022-08-18T17:55:04","guid":{"rendered":"https:\/\/encuentroinformativo.com.mx\/?p=30693"},"modified":"2022-08-18T12:55:07","modified_gmt":"2022-08-18T17:55:07","slug":"jubilados-solicitan-devolucion-de-afores","status":"publish","type":"post","link":"https:\/\/encuentroinformativo.com.mx\/?p=30693","title":{"rendered":"Jubilados solicitan devoluci\u00f3n de AFORES"},"content":{"rendered":"\n<p><strong>Dar\u00edo Pale <\/strong><\/p>\n\n\n\n<p>Xalapa, Ver.- Leonardo Trujillo Velasco Coordinador Estatal del Movimiento de &#8220;Jubilados en Pie de Lucha&#8221; en el estado de Veracruz, dio a conocer que est\u00e1n solicitando al IMSS que les devuelva el dinero de las Afores.<\/p>\n\n\n\n<p>En conferencia de prensa exigieron los pensionados del IMSS que les devuelvan su dinero de las Afores, los afectados se\u00f1alan que se jubilaron con base en el contrato colectivo de trabajo pactado por el SNTSS y el Seguro Social.<\/p>\n\n\n\n<p>Por lo anterior el Movimiento Nacional Social &#8220;Jubilados pie de lucha&#8221;, integrado por jubilados y pensionados del Instituto Mexicano del Seguro Social, se form\u00f3 y cre\u00f3 para luchar y recuperar el dinero acumulado en la subcuenta de cesant\u00eda en edad avanzada y vejez de las afores.<\/p>\n\n\n\n<p>&#8220;Que en forma rapaz y arbitraria es enviada al gobierno federal al aplicarse la jurisprudencia 185\/2008, aduciendo que ese dinero es para nuestra pensi\u00f3n, lo cual es completamente falso&#8221;, coment\u00f3.<\/p>\n\n\n\n<p>Al respecto, explicaron que quienes laboraron en el IMSS reciben su pensi\u00f3n al jubilarse, a trav\u00e9s de un fondo de financiamiento en donde se aportan cuotas quincenalmente y que est\u00e1 perfectamente establecido en el r\u00e9gimen de jubilaciones y pensiones del contrato colectivo de trabajo.<\/p>\n\n\n\n<p>&#8220;Donde se especifican las diferentes formas de jubilaci\u00f3n y pensi\u00f3n con sus requisitos y porcentajes. Nosotros no nos pensionamos por lo establecido en la Ley del Seguro Social, lo hacemos a trav\u00e9s del contrato colectivo de trabajo pactado por el SNTSS y el IMSS&#8221;, se\u00f1al\u00f3.<\/p>\n\n\n\n<p>De manera que denunciaron que con esta acci\u00f3n est\u00e1n violando la Ley del Seguro Social en sus art\u00edculos 169 y 190, donde se establece que ese dinero es propiedad del trabajador y que al jubilarse o pensionarse por un contrato colectivo, puede retirar el dinero de la cuenta individual en la afore en una sola exhibici\u00f3n.<\/p>\n\n\n\n<p>El trabajador del IMSS al jubilarse o pensionarse ven\u00eda recibiendo el dinero de su cuenta individual de su afore hasta noviembre de 2015, fecha en que comienza a aplicarse la jurisprudencia 185\/2008&#8243;, dijo.<\/p>\n\n\n\n<p>Manifestaron que es una jurisprudencia emitida en 2008 y aplicada en 2015, o sea, en sexenios de gobiernos anteriores, pero en el gobierno actual sigue lo mismo.<\/p>\n\n\n\n<p>&#8220;Hemos acudido al Poder Ejecutivo y al Poder Legislativo sin tener resultados positivos, pues es en la Suprema Corte de Justicia de la Naci\u00f3n donde se gener\u00f3 el problema&#8221;, acus\u00f3.<\/p>\n\n\n\n<p>Recordaron que llevan siete a\u00f1os de lucha y actualmente ya est\u00e1n ante la Suprema Corte de Justicia de la Naci\u00f3n, &#8220;durante estos a\u00f1os, varios compa\u00f1eros y compa\u00f1eras han perdido la vida y ni sus beneficiaros han disfrutado de esos ahorros en su afore&#8221;.<\/p>\n\n\n\n<p>Se\u00f1alaron que son personas de la tercera edad, por eso, salen a manifestarse y al mismo tiempo pedir el apoyo a la poblaci\u00f3n para tener el suficiente poder pol\u00edtico social y conseguir que los ministros analicen y discutan su demanda.<\/p>\n\n\n\n<p>Finalmente como que, &#8220;revisando perfectamente lo establecido tanto en el contrato colectivo de trabajo como en la Ley del Seguro Social y en las reformas a los derechos humanos del 2011 y emitan, en corto plazo, una nueva jurisprudencia en donde se asiente que ese dinero les pertenece a los trabajadores que se jubilan o pensionan a trav\u00e9s de un contrato colectivo y les debe ser entregado&#8221;.<\/p>\n","protected":false},"excerpt":{"rendered":"<p>Dar\u00edo Pale Xalapa, Ver.- Leonardo Trujillo Velasco Coordinador Estatal del Movimiento de &#8220;Jubilados en Pie de Lucha&#8221; en el estado de Veracruz, dio a conocer que est\u00e1n solicitando al IMSS que les devuelva el dinero de las Afores. En conferencia de prensa exigieron los pensionados del IMSS que les devuelvan su dinero de las Afores, [&hellip;]<\/p>\n","protected":false},"author":1,"featured_media":30694,"comment_status":"open","ping_status":"open","sticky":false,"template":"","format":"standard","meta":{"_jetpack_memberships_contains_paid_content":false,"footnotes":""},"categories":[3],"tags":[],"class_list":["post-30693","post","type-post","status-publish","format-standard","has-post-thumbnail","hentry","category-xalapa"],"jetpack_featured_media_url":"https:\/\/encuentroinformativo.com.mx\/wp-content\/uploads\/2022\/08\/B670B975-1F3A-4FCD-ACB2-F891C9FA6400.jpeg","jetpack_sharing_enabled":true,"jetpack_likes_enabled":true,"amp_enabled":true,"_links":{"self":[{"href":"https:\/\/encuentroinformativo.com.mx\/index.php?rest_route=\/wp\/v2\/posts\/30693","targetHints":{"allow":["GET"]}}],"collection":[{"href":"https:\/\/encuentroinformativo.com.mx\/index.php?rest_route=\/wp\/v2\/posts"}],"about":[{"href":"https:\/\/encuentroinformativo.com.mx\/index.php?rest_route=\/wp\/v2\/types\/post"}],"author":[{"embeddable":true,"href":"https:\/\/encuentroinformativo.com.mx\/index.php?rest_route=\/wp\/v2\/users\/1"}],"replies":[{"embeddable":true,"href":"https:\/\/encuentroinformativo.com.mx\/index.php?rest_route=%2Fwp%2Fv2%2Fcomments&post=30693"}],"version-history":[{"count":1,"href":"https:\/\/encuentroinformativo.com.mx\/index.php?rest_route=\/wp\/v2\/posts\/30693\/revisions"}],"predecessor-version":[{"id":30695,"href":"https:\/\/encuentroinformativo.com.mx\/index.php?rest_route=\/wp\/v2\/posts\/30693\/revisions\/30695"}],"wp:featuredmedia":[{"embeddable":true,"href":"https:\/\/encuentroinformativo.com.mx\/index.php?rest_route=\/wp\/v2\/media\/30694"}],"wp:attachment":[{"href":"https:\/\/encuentroinformativo.com.mx\/index.php?rest_route=%2Fwp%2Fv2%2Fmedia&parent=30693"}],"wp:term":[{"taxonomy":"category","embeddable":true,"href":"https:\/\/encuentroinformativo.com.mx\/index.php?rest_route=%2Fwp%2Fv2%2Fcategories&post=30693"},{"taxonomy":"post_tag","embeddable":true,"href":"https:\/\/encuentroinformativo.com.mx\/index.php?rest_route=%2Fwp%2Fv2%2Ftags&post=30693"}],"curies":[{"name":"wp","href":"https:\/\/api.w.org\/{rel}","templated":true}]}}