{"id":3070,"date":"2020-06-04T12:23:29","date_gmt":"2020-06-04T17:23:29","guid":{"rendered":"https:\/\/encuentroinformativo.com\/?p=3070"},"modified":"2020-06-04T12:23:32","modified_gmt":"2020-06-04T17:23:32","slug":"xochitl-gatell-y-b-8-torruco","status":"publish","type":"post","link":"https:\/\/encuentroinformativo.com.mx\/?p=3070","title":{"rendered":"\u201cX\u00f3chitl Gatell\u201d y \u201cB-8 Torruco\u201d"},"content":{"rendered":"\n<p><strong>Los Pol\u00edticos<\/strong><\/p>\n\n\n\n<p><strong>Salvador Mu\u00f1oz<\/strong><br><\/p>\n\n\n\n<p>El ramo hotelero tom\u00f3 el asunto hasta con un dejo de ternura, de \u00e9sa que te dan ganas de hacer \u201cpiojito\u201d a quien provoca tal sensaci\u00f3n\u2026 as\u00ed, de golpe y porrazo, ya ten\u00edan a su \u201cGatell de petatiux\u201d, o para estar m\u00e1s ad hoc, \u201cGatell Botanero\u201d en la figura de X\u00f3chitl Arbes\u00fa.<\/p>\n\n\n\n<p>Por las redes estuvo circulando una constancia entregada al Hotel Mar\u00eda Victoria, \u201cpor cumplir satisfactoriamente las recomendaciones del Protocolo de Sana Distancia\u201d, expedida por el Gobierno del Estado de Veracruz \u201ca trav\u00e9s de la secretar\u00eda de Turismo y Cultura\u201d, a cargo de Arbes\u00fa Lago.<\/p>\n\n\n\n<p>Si bien, no deja de agradecerse que la secretar\u00eda de Turismo est\u00e9 al pendiente de que la industria sin chimenea respete el Protocolo de atenci\u00f3n para personas en centros de hospedaje y restaurantes durante la cuarentena obligatoria por Covid-19, expedida a nivel federal, hay que recordar que \u00e9ste fue expedido por la Secretar\u00eda de Turismo avalada por la de Salud.<\/p>\n\n\n\n<p>Luego entonces, uno supone que si se entrega una Constancia a un hotel, es porque quien dictamina que cumple con los par\u00e1metros establecidos, es la secretar\u00eda \u00a1de Salud!, aunque al menos en el papel que circula no le dan cr\u00e9dito a la dependencia que dirige Roberto Ramos Alor.<\/p>\n\n\n\n<p>En otras palabras, podr\u00edamos estar hablando de \u201cusurpaci\u00f3n de funciones\u201d por parte de \u201cX\u00f3chitl Gatell\u201d por tomarse atribuciones que no le competen cuando las suyas son muy claras: Coordinar y ejecutar las pol\u00edticas p\u00fablicas y los programas de desarrollo y promoci\u00f3n del Sector Tur\u00edstico de la Entidad; promover e impulsar la difusi\u00f3n de la Cultura y las manifestaciones art\u00edsticas; fortalecer a Veracruz como destino ideal para el desarrollo de producciones audiovisuales; y la conservaci\u00f3n e incremento del patrimonio cultural, hist\u00f3rico y art\u00edstico de Veracruz\u2026 perd\u00f3n, pero no veo un apartado que indique que en tiempo de pandemia, ser autoridad para \u201cdar de alta\u201d a los Hoteles de Veracruz\u2026<\/p>\n\n\n\n<p>Pero, \u00bfqu\u00e9 obligar\u00eda a X\u00f3chitl Arbes\u00fa a hacer esto? Quiz\u00e1s la invasi\u00f3n de su espacio\u2026<\/p>\n\n\n\n<p>A lo mejor muchos ya se dieron cuenta, pero desde la secretar\u00eda de Gobierno, Eric \u201cBola 8\u201d Cisneros Burgos anda en campa\u00f1a\u2026 tur\u00edstica.<\/p>\n\n\n\n<p>Trae un programa llamado \u201cOrgullo Veracruzano\u201d amparado en la Coordinaci\u00f3n de los Valores C\u00edvicos y Culturales, para aprovechar las bondades \u201cque distinguen a Veracruz, entre las que destacan su gran diversidad de cultura, costumbres, tradiciones y gastronom\u00eda, que se reflejan en las 561 fiestas titulares, 64 ferias y 43 carnavales que se desarrollan a lo largo del a\u00f1o, siendo las m\u00e1s representativas, el Carnaval de Veracruz, la Fiesta de la Candelaria, las reuniones de Brujos que se celebran en Catemaco el primer viernes de marzo, por citar algunas\u201d, dice la Segob en un apartado\u2026 ya nom\u00e1s le falt\u00f3 poner el Taj\u00edn\u2026<\/p>\n\n\n\n<p>Al final, si bien, todo suma, y m\u00e1s si es en beneficio de Veracruz, ojal\u00e1 ese mismo ah\u00ednco que le pone a la promoci\u00f3n de la entidad, el secretario de Gobierno lo aplicara en su encargo conferido: contribuir a la gobernabilidad democr\u00e1tica y paz p\u00fablica a trav\u00e9s de instituciones s\u00f3lidas que atiendan las demandas sociales para generar el bienestar de los veracruzanos\u2026 porque s\u00ed, no podemos negar que el video de \u201cFarolito\u201d, filmado en el centro de Coatepec, es hermoso, pero en Tierra Blanca, la familia de siete muertos no est\u00e1n para el larismo\u2026<\/p>\n\n\n\n<p>Bueno, pero qu\u00e9 podemos esperar\u2026 si tenemos a una \u201cX\u00f3chitl Gatell\u201d, \u00bfpor qu\u00e9 no un \u201cBola 8 Torruco\u201d?<br><\/p>\n\n\n\n<p><a href=\"mailto:smcainito@gmail.com\" target=\"_blank\" rel=\"noreferrer noopener\">smcainito@gmail.com<\/a><\/p>\n","protected":false},"excerpt":{"rendered":"<p>Los Pol\u00edticos Salvador Mu\u00f1oz El ramo hotelero tom\u00f3 el asunto hasta con un dejo de ternura, de \u00e9sa que te dan ganas de hacer \u201cpiojito\u201d a quien provoca tal sensaci\u00f3n\u2026 as\u00ed, de golpe y porrazo, ya ten\u00edan a su \u201cGatell de petatiux\u201d, o para estar m\u00e1s ad hoc, \u201cGatell Botanero\u201d en la figura de X\u00f3chitl [&hellip;]<\/p>\n","protected":false},"author":1,"featured_media":387,"comment_status":"open","ping_status":"open","sticky":false,"template":"","format":"standard","meta":{"_jetpack_memberships_contains_paid_content":false,"footnotes":""},"categories":[11],"tags":[],"class_list":["post-3070","post","type-post","status-publish","format-standard","has-post-thumbnail","hentry","category-opinion"],"jetpack_featured_media_url":"https:\/\/encuentroinformativo.com.mx\/wp-content\/uploads\/2020\/03\/7CF8A22B-2764-47BE-8F7F-38FE9E5D6A2F.jpeg","jetpack_sharing_enabled":true,"jetpack_likes_enabled":true,"amp_enabled":true,"_links":{"self":[{"href":"https:\/\/encuentroinformativo.com.mx\/index.php?rest_route=\/wp\/v2\/posts\/3070","targetHints":{"allow":["GET"]}}],"collection":[{"href":"https:\/\/encuentroinformativo.com.mx\/index.php?rest_route=\/wp\/v2\/posts"}],"about":[{"href":"https:\/\/encuentroinformativo.com.mx\/index.php?rest_route=\/wp\/v2\/types\/post"}],"author":[{"embeddable":true,"href":"https:\/\/encuentroinformativo.com.mx\/index.php?rest_route=\/wp\/v2\/users\/1"}],"replies":[{"embeddable":true,"href":"https:\/\/encuentroinformativo.com.mx\/index.php?rest_route=%2Fwp%2Fv2%2Fcomments&post=3070"}],"version-history":[{"count":1,"href":"https:\/\/encuentroinformativo.com.mx\/index.php?rest_route=\/wp\/v2\/posts\/3070\/revisions"}],"predecessor-version":[{"id":3071,"href":"https:\/\/encuentroinformativo.com.mx\/index.php?rest_route=\/wp\/v2\/posts\/3070\/revisions\/3071"}],"wp:featuredmedia":[{"embeddable":true,"href":"https:\/\/encuentroinformativo.com.mx\/index.php?rest_route=\/wp\/v2\/media\/387"}],"wp:attachment":[{"href":"https:\/\/encuentroinformativo.com.mx\/index.php?rest_route=%2Fwp%2Fv2%2Fmedia&parent=3070"}],"wp:term":[{"taxonomy":"category","embeddable":true,"href":"https:\/\/encuentroinformativo.com.mx\/index.php?rest_route=%2Fwp%2Fv2%2Fcategories&post=3070"},{"taxonomy":"post_tag","embeddable":true,"href":"https:\/\/encuentroinformativo.com.mx\/index.php?rest_route=%2Fwp%2Fv2%2Ftags&post=3070"}],"curies":[{"name":"wp","href":"https:\/\/api.w.org\/{rel}","templated":true}]}}