{"id":30703,"date":"2022-08-18T14:01:04","date_gmt":"2022-08-18T19:01:04","guid":{"rendered":"https:\/\/encuentroinformativo.com.mx\/?p=30703"},"modified":"2022-08-18T14:01:07","modified_gmt":"2022-08-18T19:01:07","slug":"agraden-a-tiros-a-policia-de-espinal-afuera-de-la-comandancia","status":"publish","type":"post","link":"https:\/\/encuentroinformativo.com.mx\/?p=30703","title":{"rendered":"Agraden a tiros a polic\u00eda de Espinal afuera de la Comandancia"},"content":{"rendered":"\n<p><strong>Alejandro \u00c1vila<\/strong><\/p>\n\n\n\n<p>Espinal, Ver.- Un elemento de la Polic\u00eda Municipal de Espinal fue agredido a balazos la ma\u00f1ana de este jueves cuando sal\u00eda de su turno en la Comandancia de Polic\u00eda.<\/p>\n\n\n\n<p>Los hechos ocurrieron en pleno centro de la ciudad, d\u00f3nde comerciantes y peatones tras o\u00edr las detonaciones, huyeron del sitio para buscar resguardo.<\/p>\n\n\n\n<p>El elemento policial fue identificado como Julio C\u00e9sar &#8220;N&#8221;, y seg\u00fan testigos, fueron dos sujetos a bordo de una motocicleta qui\u00e9nes lo agredieron a balazos, a unos metros de la Comandancia de Polic\u00eda cerca del Parque Central.<\/p>\n\n\n\n<p>El preventivo recibi\u00f3 varios impactos de bala antes de abordar su autom\u00f3vil de la marca Nissan tipo Tsuru color blanco, por lo cual se solicit\u00f3 el auxilio de las corporaciones de emergencia, qui\u00e9nes posteriormente lo trasladaron a la Sala de Urgencias del Hospital Regional ubicado en Entabladero.<\/p>\n\n\n\n<p>Momentos m\u00e1s tarde y debido a las lesiones, el polic\u00eda municipal tuvo que ser trasladado al Hospital de Poza Rica, donde su estado de salud se reporta como grave.<\/p>\n\n\n\n<p>Desde la ma\u00f1ana de este jueves se mont\u00f3 un intenso operativo para tratar de localizar a los agresores, sin que hasta el momento se tengan identificados.<\/p>\n","protected":false},"excerpt":{"rendered":"<p>Alejandro \u00c1vila Espinal, Ver.- Un elemento de la Polic\u00eda Municipal de Espinal fue agredido a balazos la ma\u00f1ana de este jueves cuando sal\u00eda de su turno en la Comandancia de Polic\u00eda. Los hechos ocurrieron en pleno centro de la ciudad, d\u00f3nde comerciantes y peatones tras o\u00edr las detonaciones, huyeron del sitio para buscar resguardo. El [&hellip;]<\/p>\n","protected":false},"author":1,"featured_media":30704,"comment_status":"open","ping_status":"open","sticky":false,"template":"","format":"standard","meta":{"_jetpack_memberships_contains_paid_content":false,"footnotes":""},"categories":[14],"tags":[],"class_list":["post-30703","post","type-post","status-publish","format-standard","has-post-thumbnail","hentry","category-policiaca"],"jetpack_featured_media_url":"https:\/\/encuentroinformativo.com.mx\/wp-content\/uploads\/2022\/08\/9C5B8D6D-1027-44C8-928B-CB95441BEDAF.jpeg","jetpack_sharing_enabled":true,"jetpack_likes_enabled":true,"amp_enabled":true,"_links":{"self":[{"href":"https:\/\/encuentroinformativo.com.mx\/index.php?rest_route=\/wp\/v2\/posts\/30703","targetHints":{"allow":["GET"]}}],"collection":[{"href":"https:\/\/encuentroinformativo.com.mx\/index.php?rest_route=\/wp\/v2\/posts"}],"about":[{"href":"https:\/\/encuentroinformativo.com.mx\/index.php?rest_route=\/wp\/v2\/types\/post"}],"author":[{"embeddable":true,"href":"https:\/\/encuentroinformativo.com.mx\/index.php?rest_route=\/wp\/v2\/users\/1"}],"replies":[{"embeddable":true,"href":"https:\/\/encuentroinformativo.com.mx\/index.php?rest_route=%2Fwp%2Fv2%2Fcomments&post=30703"}],"version-history":[{"count":1,"href":"https:\/\/encuentroinformativo.com.mx\/index.php?rest_route=\/wp\/v2\/posts\/30703\/revisions"}],"predecessor-version":[{"id":30705,"href":"https:\/\/encuentroinformativo.com.mx\/index.php?rest_route=\/wp\/v2\/posts\/30703\/revisions\/30705"}],"wp:featuredmedia":[{"embeddable":true,"href":"https:\/\/encuentroinformativo.com.mx\/index.php?rest_route=\/wp\/v2\/media\/30704"}],"wp:attachment":[{"href":"https:\/\/encuentroinformativo.com.mx\/index.php?rest_route=%2Fwp%2Fv2%2Fmedia&parent=30703"}],"wp:term":[{"taxonomy":"category","embeddable":true,"href":"https:\/\/encuentroinformativo.com.mx\/index.php?rest_route=%2Fwp%2Fv2%2Fcategories&post=30703"},{"taxonomy":"post_tag","embeddable":true,"href":"https:\/\/encuentroinformativo.com.mx\/index.php?rest_route=%2Fwp%2Fv2%2Ftags&post=30703"}],"curies":[{"name":"wp","href":"https:\/\/api.w.org\/{rel}","templated":true}]}}