{"id":30713,"date":"2022-08-18T16:09:36","date_gmt":"2022-08-18T21:09:36","guid":{"rendered":"https:\/\/encuentroinformativo.com.mx\/?p=30713"},"modified":"2022-08-18T16:09:40","modified_gmt":"2022-08-18T21:09:40","slug":"operativos-garantizan-seguridad-en-la-zona-sur-gobernador","status":"publish","type":"post","link":"https:\/\/encuentroinformativo.com.mx\/?p=30713","title":{"rendered":"Operativos garantizan seguridad en la zona sur: Gobernador"},"content":{"rendered":"\n<p><strong>Dar\u00edo Pale<\/strong><\/p>\n\n\n\n<p>Xalapa, Ver.- El gobernador del estado Cuitl\u00e1huac Garc\u00eda Jim\u00e9nez desde Acayucan advirti\u00f3 que mantiene el trabajo en la regi\u00f3n sur del estado, para garantizar la seguridad.<\/p>\n\n\n\n<p>Expuso que este jueves se convoc\u00f3 a la mesa de seguridad para atender operativos regionales en los municipios de Sayula de Alem\u00e1n, Las Choapas y Acayucan.<\/p>\n\n\n\n<p>A trav\u00e9s de las redes sociales, el gobernador refiri\u00f3 que su presencia en la zona sur del estado es para estar atentos y seguir garantizando la tranquilidad a los ciudadanos.<\/p>\n\n\n\n<p>&#8220;Seguimos movidos y trabajando por todo el estado despu\u00e9s de las actividades de supervisi\u00f3n del d\u00eda de ayer en Minatitl\u00e1n y Coatzacoalcos&#8221;, coment\u00f3.<\/p>\n\n\n\n<p>&#8220;Hoy convocamos a la reuni\u00f3n de trabajo de la mesa de seguridad en Acayucan para atender los operativos regionales en municipios como Sayula de Alem\u00e1n, Las Choapas y Acayucan&#8221;, agreg\u00f3.<\/p>\n\n\n\n<p>Finalmente coment\u00f3 &#8220;seguiremos muy atentos en esta regi\u00f3n sur para seguir garantizando la tranquilidad de la sociedad. La paz se construye con justicia&#8221;.<\/p>\n","protected":false},"excerpt":{"rendered":"<p>Dar\u00edo Pale Xalapa, Ver.- El gobernador del estado Cuitl\u00e1huac Garc\u00eda Jim\u00e9nez desde Acayucan advirti\u00f3 que mantiene el trabajo en la regi\u00f3n sur del estado, para garantizar la seguridad. Expuso que este jueves se convoc\u00f3 a la mesa de seguridad para atender operativos regionales en los municipios de Sayula de Alem\u00e1n, Las Choapas y Acayucan. A [&hellip;]<\/p>\n","protected":false},"author":1,"featured_media":30714,"comment_status":"open","ping_status":"open","sticky":false,"template":"","format":"standard","meta":{"_jetpack_memberships_contains_paid_content":false,"footnotes":""},"categories":[2],"tags":[],"class_list":["post-30713","post","type-post","status-publish","format-standard","has-post-thumbnail","hentry","category-estado"],"jetpack_featured_media_url":"https:\/\/encuentroinformativo.com.mx\/wp-content\/uploads\/2022\/08\/09702464-9C30-43D3-B6EE-13E9F5BFD6CD.jpeg","jetpack_sharing_enabled":true,"jetpack_likes_enabled":true,"amp_enabled":true,"_links":{"self":[{"href":"https:\/\/encuentroinformativo.com.mx\/index.php?rest_route=\/wp\/v2\/posts\/30713","targetHints":{"allow":["GET"]}}],"collection":[{"href":"https:\/\/encuentroinformativo.com.mx\/index.php?rest_route=\/wp\/v2\/posts"}],"about":[{"href":"https:\/\/encuentroinformativo.com.mx\/index.php?rest_route=\/wp\/v2\/types\/post"}],"author":[{"embeddable":true,"href":"https:\/\/encuentroinformativo.com.mx\/index.php?rest_route=\/wp\/v2\/users\/1"}],"replies":[{"embeddable":true,"href":"https:\/\/encuentroinformativo.com.mx\/index.php?rest_route=%2Fwp%2Fv2%2Fcomments&post=30713"}],"version-history":[{"count":1,"href":"https:\/\/encuentroinformativo.com.mx\/index.php?rest_route=\/wp\/v2\/posts\/30713\/revisions"}],"predecessor-version":[{"id":30715,"href":"https:\/\/encuentroinformativo.com.mx\/index.php?rest_route=\/wp\/v2\/posts\/30713\/revisions\/30715"}],"wp:featuredmedia":[{"embeddable":true,"href":"https:\/\/encuentroinformativo.com.mx\/index.php?rest_route=\/wp\/v2\/media\/30714"}],"wp:attachment":[{"href":"https:\/\/encuentroinformativo.com.mx\/index.php?rest_route=%2Fwp%2Fv2%2Fmedia&parent=30713"}],"wp:term":[{"taxonomy":"category","embeddable":true,"href":"https:\/\/encuentroinformativo.com.mx\/index.php?rest_route=%2Fwp%2Fv2%2Fcategories&post=30713"},{"taxonomy":"post_tag","embeddable":true,"href":"https:\/\/encuentroinformativo.com.mx\/index.php?rest_route=%2Fwp%2Fv2%2Ftags&post=30713"}],"curies":[{"name":"wp","href":"https:\/\/api.w.org\/{rel}","templated":true}]}}