{"id":30716,"date":"2022-08-19T10:21:40","date_gmt":"2022-08-19T15:21:40","guid":{"rendered":"https:\/\/encuentroinformativo.com.mx\/?p=30716"},"modified":"2022-08-19T10:21:44","modified_gmt":"2022-08-19T15:21:44","slug":"cuantos-sayulas","status":"publish","type":"post","link":"https:\/\/encuentroinformativo.com.mx\/?p=30716","title":{"rendered":"\u00bfCu\u00e1ntos Sayulas?"},"content":{"rendered":"\n<p><strong>Los Pol\u00edticos<\/strong><\/p>\n\n\n\n<p><strong>Salvador Mu\u00f1oz<\/strong><\/p>\n\n\n\n<p>Sayula de Alem\u00e1n es un tema de Seguridad\u2026 no en Veracruz, tampoco en Palacio de Gobierno y mucho menos en la oficina superior que da al Parque Ju\u00e1rez y calle Enr\u00edquez\u2026 Esto ya es un asunto para el Palacio de Cobi\u00e1n por todo lo que implica la denuncia de Lorena S\u00e1nchez Vargas, presidenta municipal de ese municipio sure\u00f1o.<\/p>\n\n\n\n<p>Me permito saltarme todas las instancias que hay en Veracruz para tratar el asunto, no por la magnitud del caso, sino por el tama\u00f1o de las autoridades locales que mucho han demostrado que no est\u00e1n hechas para estos menesteres\u2026<\/p>\n\n\n\n<p>Nada m\u00e1s como bot\u00f3n de muestra est\u00e1 un se\u00f1or que finge fungir como secretario de Gobierno pero parece m\u00e1s secretario de Turismo.<\/p>\n\n\n\n<p>Agr\u00e9guele que anda m\u00e1s preocupado por las fiestas patronales y de su culto al ego que por la pol\u00edtica del Estado\u2026<\/p>\n\n\n\n<p>O bien, un Gobernador que al estilo de Javier Duarte, recomienda a los alcaldes \u201cportarse bien\u201d ante las tentaciones del Crimen Organizado.<\/p>\n\n\n\n<p>Ambos personajes eluden la realidad y se mantienen en esa esfera de confort del No Pasa Nada\u2026 as\u00ed, efectivamente, en un mundo muy parecido al que viv\u00eda Javier Duarte.<\/p>\n\n\n\n<p>Por eso es que Sayula de Alem\u00e1n debe atenderse en la secretar\u00eda de Gobernaci\u00f3n\u2026 aunque tambi\u00e9n la raz\u00f3n m\u00e1s poderosa para hacerlo es que el caso de Lorena S\u00e1nchez, la presidenta municipal de Sayula, sea s\u00f3lo la punta de un iceberg\u2026<\/p>\n\n\n\n<p>Es muy simple esto\u2026 si se hace en Sayula, \u00bfen cu\u00e1ntos otros municipios de Veracruz no se hace y \/ o no se ha hecho?<\/p>\n\n\n\n<p>Estamos hablando de 212 municipios y hagamos un imaginario: \u00bfCu\u00e1l es la probabilidad de que un municipio grande, fuerte, atractivo medi\u00e1ticamente, sea objeto de los intereses del Crimen Organizado? \u00a1Para qu\u00e9 llamar la atenci\u00f3n! Mejor ir a los municipios regulares, peque\u00f1os, con alcaldes que se puedan manipular, controlar, presionar, y que est\u00e9n lejos de medios, autoridades, del Gobierno\u2026<\/p>\n\n\n\n<p>Tan s\u00f3lo piense en la dimensi\u00f3n del Estado\u2026 \u00bfCu\u00e1ntas comunidades o congregaciones de cientos de municipios tienen carencias de servicios de salud, educaci\u00f3n, raqu\u00edtica seguridad, y por su condici\u00f3n geogr\u00e1fica, parecen \u201clos olvidados\u201d del Gobierno\u2026? Pues si eso pasa en las comunidades, cuantim\u00e1s en sus cabeceras\u2026<\/p>\n\n\n\n<p>Hablamos pues de un Crimen \u201cOrganizado\u201d burdo\u2026 extorsi\u00f3n y chantaje\u2026 lo que genera de un modo u otro, que haya ingobernabilidad en el municipio\u2026 \u00bfqu\u00e9 alcaldesa o presidente municipal, amenazado que de no seguir las indicaciones de un C\u00e1rtel, su familia ser\u00e1 \u201ccastigada\u201d, puede tener cabeza para gobernar a su pueblo?<\/p>\n\n\n\n<p>Si entrecomillo en el p\u00e1rrafo anterior \u201cOrganizado\u201d y lo califico de Burdo, es porque tampoco podemos negar al otro bando, el que s\u00ed est\u00e1 organizado, el que trabaja ya con contadores, el que limpia su dinero, el que tiene sus constructoras, gasolineras, restaurantes\u2026 \u00a1ya nada m\u00e1s falta que tenga sus propios bancos para blanquear el dinero!<\/p>\n\n\n\n<p>Independientemente de eso, la pregunta obliga: \u00bfCu\u00e1ntos Sayulas hay en Veracruz? O peor a\u00fan: \u00bfCu\u00e1ntos hay en el Pa\u00eds?&nbsp;<\/p>\n\n\n\n<p>El asunto es que hay que atender y resolver lo que ocurre en Sayula de Alem\u00e1n y no es tratando de desmentir a la presidenta municipal ni jalarle las orejas a los alcaldes\u2026<\/p>\n\n\n\n<p>Por eso es que se tiene que tratar en la secretar\u00eda de Gobernaci\u00f3n este asunto, directamente con Ad\u00e1n Augusto L\u00f3pez Hern\u00e1ndez\u2026 por supuesto, siempre y cuando su apretada agenda de precampa\u00f1a se lo permita y si es as\u00ed, que le den permiso de tratar este asunto, no vaya a ser que los Se\u00f1ores se enojen y empiecen a arder los Oxxos en Veracruz\u2026<\/p>\n\n\n\n<p><a href=\"mailto:smcainito@gmail.com\" target=\"_blank\" rel=\"noreferrer noopener\">smcainito@gmail.com<\/a><\/p>\n","protected":false},"excerpt":{"rendered":"<p>Los Pol\u00edticos Salvador Mu\u00f1oz Sayula de Alem\u00e1n es un tema de Seguridad\u2026 no en Veracruz, tampoco en Palacio de Gobierno y mucho menos en la oficina superior que da al Parque Ju\u00e1rez y calle Enr\u00edquez\u2026 Esto ya es un asunto para el Palacio de Cobi\u00e1n por todo lo que implica la denuncia de Lorena S\u00e1nchez [&hellip;]<\/p>\n","protected":false},"author":1,"featured_media":387,"comment_status":"open","ping_status":"open","sticky":false,"template":"","format":"standard","meta":{"_jetpack_memberships_contains_paid_content":false,"footnotes":""},"categories":[11],"tags":[],"class_list":["post-30716","post","type-post","status-publish","format-standard","has-post-thumbnail","hentry","category-opinion"],"jetpack_featured_media_url":"https:\/\/encuentroinformativo.com.mx\/wp-content\/uploads\/2020\/03\/7CF8A22B-2764-47BE-8F7F-38FE9E5D6A2F.jpeg","jetpack_sharing_enabled":true,"jetpack_likes_enabled":true,"amp_enabled":true,"_links":{"self":[{"href":"https:\/\/encuentroinformativo.com.mx\/index.php?rest_route=\/wp\/v2\/posts\/30716","targetHints":{"allow":["GET"]}}],"collection":[{"href":"https:\/\/encuentroinformativo.com.mx\/index.php?rest_route=\/wp\/v2\/posts"}],"about":[{"href":"https:\/\/encuentroinformativo.com.mx\/index.php?rest_route=\/wp\/v2\/types\/post"}],"author":[{"embeddable":true,"href":"https:\/\/encuentroinformativo.com.mx\/index.php?rest_route=\/wp\/v2\/users\/1"}],"replies":[{"embeddable":true,"href":"https:\/\/encuentroinformativo.com.mx\/index.php?rest_route=%2Fwp%2Fv2%2Fcomments&post=30716"}],"version-history":[{"count":1,"href":"https:\/\/encuentroinformativo.com.mx\/index.php?rest_route=\/wp\/v2\/posts\/30716\/revisions"}],"predecessor-version":[{"id":30717,"href":"https:\/\/encuentroinformativo.com.mx\/index.php?rest_route=\/wp\/v2\/posts\/30716\/revisions\/30717"}],"wp:featuredmedia":[{"embeddable":true,"href":"https:\/\/encuentroinformativo.com.mx\/index.php?rest_route=\/wp\/v2\/media\/387"}],"wp:attachment":[{"href":"https:\/\/encuentroinformativo.com.mx\/index.php?rest_route=%2Fwp%2Fv2%2Fmedia&parent=30716"}],"wp:term":[{"taxonomy":"category","embeddable":true,"href":"https:\/\/encuentroinformativo.com.mx\/index.php?rest_route=%2Fwp%2Fv2%2Fcategories&post=30716"},{"taxonomy":"post_tag","embeddable":true,"href":"https:\/\/encuentroinformativo.com.mx\/index.php?rest_route=%2Fwp%2Fv2%2Ftags&post=30716"}],"curies":[{"name":"wp","href":"https:\/\/api.w.org\/{rel}","templated":true}]}}