{"id":30721,"date":"2022-08-19T11:13:03","date_gmt":"2022-08-19T16:13:03","guid":{"rendered":"https:\/\/encuentroinformativo.com.mx\/?p=30721"},"modified":"2022-08-19T11:13:07","modified_gmt":"2022-08-19T16:13:07","slug":"reactivaran-transporte-gratuito-para-universitarios","status":"publish","type":"post","link":"https:\/\/encuentroinformativo.com.mx\/?p=30721","title":{"rendered":"Reactivar\u00e1n transporte gratuito para universitarios"},"content":{"rendered":"\n<p><strong>Juan Arcos <\/strong><\/p>\n\n\n\n<p>Xalapa, Ver.- El ayuntamiento de Banderilla reactivar\u00e1 la ruta de transporte p\u00fablico gratuito para las y los universitarios, a partir del pr\u00f3ximo 5 de septiembre.<\/p>\n\n\n\n<p>El gobierno municipal, a trav\u00e9s de la Direcci\u00f3n de Educaci\u00f3n, dio a conocer en su cuenta oficial de <em>Facebook<\/em> que el autob\u00fas del ayuntamiento iniciar\u00eda la ruta a las 6:00 horas en el fraccionamiento Capul\u00edn, pasando por la avenida principal en Banderilla.<\/p>\n\n\n\n<p>Esto beneficiaria a las y los estudiantes de la Universidad Veracruzana (UV) y del Instituto Tecnol\u00f3gico Superior de Xalapa (ITSX) que residen en Banderilla.<\/p>\n\n\n\n<p>La unidad pasar\u00e1 por la avenida Xalapa, haciendo parada en las oficinas del Instituto de Seguridad y Servicios Sociales de los Trabajadores del Estado (ISSSTE) y en la Benem\u00e9rita Escuela Normal Veracruzana (BENV) \u201cEnrique C. Rebsamen\u201d.<\/p>\n\n\n\n<p>Se incorporar\u00e1 a la avenida Manuel \u00c1vila Camacho, deteni\u00e9ndose en la Secretar\u00eda del Trabajo, Previsi\u00f3n Social y Productividad (Stpsp). Posteriormente recorrer\u00e1 la calle Ignacio de la Llave y har\u00e1 parada frente al Centro de Idiomas, a un costado del mercado Los Sauces.<\/p>\n\n\n\n<p>El autob\u00fas del ayuntamiento de Banderilla recorrer\u00e1 tambi\u00e9n la avenida Venustiano Carranza, con parada en la Rector\u00eda de la UV. Despu\u00e9s continuar\u00e1 por las avenidas Rebsamen y Arco Sur, con parada en la Facultad de Psicolog\u00eda, en la Facultad de Ciencias Administrativas y en el Tecnol\u00f3gico de Xalapa.<\/p>\n\n\n\n<p>El recorrido tardar\u00eda 15 minutos del fraccionamiento Capul\u00edn a la primera entrada de Banderilla y de 25 a 30 minutos para llegar a la Zona UV.<\/p>\n\n\n\n<p>Para llegar al Instituto Tecnol\u00f3gico Superior de Xalapa ser\u00edan 15 minutos m\u00e1s aproximadamente, ya que esto puede variar de acuerdo al tr\u00e1fico que se presente.<\/p>\n\n\n\n<p>\u201cLa ruta es \u00fanicamente matutina. Dirigido exclusivamente para los universitarios banderillenses\u201d, indica el gobierno municipal.<\/p>\n\n\n\n<p>Los beneficiarios deber\u00e1n presentar sus credencial de estudiante, credencial para votar del Instituto Nacional Electoral (INE) con domicilio en Banderilla y, en caso de no contar con credencial de estudiante pasar por una provisional al ayuntamiento.<\/p>\n\n\n\n<figure class=\"wp-block-image size-large\"><img loading=\"lazy\" decoding=\"async\" width=\"693\" height=\"1024\" src=\"https:\/\/encuentroinformativo.com.mx\/wp-content\/uploads\/2022\/08\/C335DF1C-118F-4C46-AD35-54BEE9F6BEDC-693x1024.jpeg\" alt=\"\" class=\"wp-image-30722\" srcset=\"https:\/\/encuentroinformativo.com.mx\/wp-content\/uploads\/2022\/08\/C335DF1C-118F-4C46-AD35-54BEE9F6BEDC-693x1024.jpeg 693w, https:\/\/encuentroinformativo.com.mx\/wp-content\/uploads\/2022\/08\/C335DF1C-118F-4C46-AD35-54BEE9F6BEDC-203x300.jpeg 203w, https:\/\/encuentroinformativo.com.mx\/wp-content\/uploads\/2022\/08\/C335DF1C-118F-4C46-AD35-54BEE9F6BEDC-768x1135.jpeg 768w, https:\/\/encuentroinformativo.com.mx\/wp-content\/uploads\/2022\/08\/C335DF1C-118F-4C46-AD35-54BEE9F6BEDC-300x443.jpeg 300w, https:\/\/encuentroinformativo.com.mx\/wp-content\/uploads\/2022\/08\/C335DF1C-118F-4C46-AD35-54BEE9F6BEDC.jpeg 974w\" sizes=\"auto, (max-width: 693px) 100vw, 693px\" \/><\/figure>\n","protected":false},"excerpt":{"rendered":"<p>Juan Arcos Xalapa, Ver.- El ayuntamiento de Banderilla reactivar\u00e1 la ruta de transporte p\u00fablico gratuito para las y los universitarios, a partir del pr\u00f3ximo 5 de septiembre. El gobierno municipal, a trav\u00e9s de la Direcci\u00f3n de Educaci\u00f3n, dio a conocer en su cuenta oficial de Facebook que el autob\u00fas del ayuntamiento iniciar\u00eda la ruta a [&hellip;]<\/p>\n","protected":false},"author":1,"featured_media":30722,"comment_status":"open","ping_status":"open","sticky":false,"template":"","format":"standard","meta":{"_jetpack_memberships_contains_paid_content":false,"footnotes":""},"categories":[8],"tags":[],"class_list":["post-30721","post","type-post","status-publish","format-standard","has-post-thumbnail","hentry","category-region"],"jetpack_featured_media_url":"https:\/\/encuentroinformativo.com.mx\/wp-content\/uploads\/2022\/08\/C335DF1C-118F-4C46-AD35-54BEE9F6BEDC.jpeg","jetpack_sharing_enabled":true,"jetpack_likes_enabled":true,"amp_enabled":true,"_links":{"self":[{"href":"https:\/\/encuentroinformativo.com.mx\/index.php?rest_route=\/wp\/v2\/posts\/30721","targetHints":{"allow":["GET"]}}],"collection":[{"href":"https:\/\/encuentroinformativo.com.mx\/index.php?rest_route=\/wp\/v2\/posts"}],"about":[{"href":"https:\/\/encuentroinformativo.com.mx\/index.php?rest_route=\/wp\/v2\/types\/post"}],"author":[{"embeddable":true,"href":"https:\/\/encuentroinformativo.com.mx\/index.php?rest_route=\/wp\/v2\/users\/1"}],"replies":[{"embeddable":true,"href":"https:\/\/encuentroinformativo.com.mx\/index.php?rest_route=%2Fwp%2Fv2%2Fcomments&post=30721"}],"version-history":[{"count":1,"href":"https:\/\/encuentroinformativo.com.mx\/index.php?rest_route=\/wp\/v2\/posts\/30721\/revisions"}],"predecessor-version":[{"id":30723,"href":"https:\/\/encuentroinformativo.com.mx\/index.php?rest_route=\/wp\/v2\/posts\/30721\/revisions\/30723"}],"wp:featuredmedia":[{"embeddable":true,"href":"https:\/\/encuentroinformativo.com.mx\/index.php?rest_route=\/wp\/v2\/media\/30722"}],"wp:attachment":[{"href":"https:\/\/encuentroinformativo.com.mx\/index.php?rest_route=%2Fwp%2Fv2%2Fmedia&parent=30721"}],"wp:term":[{"taxonomy":"category","embeddable":true,"href":"https:\/\/encuentroinformativo.com.mx\/index.php?rest_route=%2Fwp%2Fv2%2Fcategories&post=30721"},{"taxonomy":"post_tag","embeddable":true,"href":"https:\/\/encuentroinformativo.com.mx\/index.php?rest_route=%2Fwp%2Fv2%2Ftags&post=30721"}],"curies":[{"name":"wp","href":"https:\/\/api.w.org\/{rel}","templated":true}]}}