{"id":30724,"date":"2022-08-19T11:43:09","date_gmt":"2022-08-19T16:43:09","guid":{"rendered":"https:\/\/encuentroinformativo.com.mx\/?p=30724"},"modified":"2022-08-19T11:43:12","modified_gmt":"2022-08-19T16:43:12","slug":"omision-de-autoridades-aumenta-crisis-economica-prd","status":"publish","type":"post","link":"https:\/\/encuentroinformativo.com.mx\/?p=30724","title":{"rendered":"Omisi\u00f3n de autoridades aumenta crisis econ\u00f3mica: PRD"},"content":{"rendered":"\n<p><strong>*Autoridades pierden el tiempo haciendo precampa\u00f1as anticipadas.<\/strong><\/p>\n\n\n\n<p>Xalapa, Ver.- La omisi\u00f3n del Gobierno de Veracruz, ha acrecentado la crisis econ\u00f3mica que la poblaci\u00f3n enfrenta, dejando sin alternativas a la sociedad para salir adelante.<\/p>\n\n\n\n<p>El presidente de la Direcci\u00f3n Estatal Ejecutiva del PRD en Veracruz, Sergio Cadena Mart\u00ednez, reproch\u00f3 que las autoridades no est\u00e9n haciendo nada para resolver los problemas de la pobreza, la desigualdad y la violencia, perdiendo el tiempo en precampa\u00f1as anticipadas olvidandose del dolor y el clamor de los veracruzanos.<\/p>\n\n\n\n<p>Indic\u00f3 que hoy en d\u00eda, las cifras del gobierno muestran una ca\u00edda en la econ\u00f3mica estatal que impide generar empleos con los ingresos suficientes, siendo el 55 por ciento de su poblaci\u00f3n la que enfrenta necesidades econ\u00f3micas muy graves. Aunado a ello, el problema se ha intencificado ante el alza de los precios en los servicios y la can\u00e1sta b\u00e1sica, dando como consecuencia el que una vida digna sea inalcanzable.<\/p>\n\n\n\n<p>\u201cLa crisis econ\u00f3mica que vivimos consecuencia de la pandemia sigue provocando que la gente enfrente el riesgo de perder su patrimonio, empe\u00f1ando sus bienes para poder sobrevivir. Ante esta situaci\u00f3n, pregunto \u00bfEn qu\u00e9 ha apoyado el gobierno? \u00bfEst\u00e1 generando empleos? \u00bfTiene programas de apoyo para ayudar a tu familia o para que tus hijos estudien?\u201d, cuestion\u00f3.<\/p>\n\n\n\n<p>El dirigente estatal expres\u00f3 que la pobreza y la angustia no pueden acompa\u00f1ar a un pueblo trabajador, emprendedor y dispuesto a salir adelante. &#8220;Los veracruzanos pronto se quitar\u00e1n los estorbos de este gobierno que est\u00e1n da\u00f1ando su vida&#8221;.<\/p>\n\n\n\n<p>Veracruz recuperar\u00e1 su energ\u00eda, su alegr\u00eda y saldr\u00e1 adelante.<\/p>\n\n\n\n<p>Pronto habr\u00e1 un nuevo amanecer.<\/p>\n","protected":false},"excerpt":{"rendered":"<p>*Autoridades pierden el tiempo haciendo precampa\u00f1as anticipadas. Xalapa, Ver.- La omisi\u00f3n del Gobierno de Veracruz, ha acrecentado la crisis econ\u00f3mica que la poblaci\u00f3n enfrenta, dejando sin alternativas a la sociedad para salir adelante. El presidente de la Direcci\u00f3n Estatal Ejecutiva del PRD en Veracruz, Sergio Cadena Mart\u00ednez, reproch\u00f3 que las autoridades no est\u00e9n haciendo nada [&hellip;]<\/p>\n","protected":false},"author":1,"featured_media":30725,"comment_status":"open","ping_status":"open","sticky":false,"template":"","format":"standard","meta":{"_jetpack_memberships_contains_paid_content":false,"footnotes":""},"categories":[2],"tags":[],"class_list":["post-30724","post","type-post","status-publish","format-standard","has-post-thumbnail","hentry","category-estado"],"jetpack_featured_media_url":"https:\/\/encuentroinformativo.com.mx\/wp-content\/uploads\/2022\/08\/C797135F-6C1E-4A28-B980-BC94178822EC.jpeg","jetpack_sharing_enabled":true,"jetpack_likes_enabled":true,"amp_enabled":true,"_links":{"self":[{"href":"https:\/\/encuentroinformativo.com.mx\/index.php?rest_route=\/wp\/v2\/posts\/30724","targetHints":{"allow":["GET"]}}],"collection":[{"href":"https:\/\/encuentroinformativo.com.mx\/index.php?rest_route=\/wp\/v2\/posts"}],"about":[{"href":"https:\/\/encuentroinformativo.com.mx\/index.php?rest_route=\/wp\/v2\/types\/post"}],"author":[{"embeddable":true,"href":"https:\/\/encuentroinformativo.com.mx\/index.php?rest_route=\/wp\/v2\/users\/1"}],"replies":[{"embeddable":true,"href":"https:\/\/encuentroinformativo.com.mx\/index.php?rest_route=%2Fwp%2Fv2%2Fcomments&post=30724"}],"version-history":[{"count":1,"href":"https:\/\/encuentroinformativo.com.mx\/index.php?rest_route=\/wp\/v2\/posts\/30724\/revisions"}],"predecessor-version":[{"id":30726,"href":"https:\/\/encuentroinformativo.com.mx\/index.php?rest_route=\/wp\/v2\/posts\/30724\/revisions\/30726"}],"wp:featuredmedia":[{"embeddable":true,"href":"https:\/\/encuentroinformativo.com.mx\/index.php?rest_route=\/wp\/v2\/media\/30725"}],"wp:attachment":[{"href":"https:\/\/encuentroinformativo.com.mx\/index.php?rest_route=%2Fwp%2Fv2%2Fmedia&parent=30724"}],"wp:term":[{"taxonomy":"category","embeddable":true,"href":"https:\/\/encuentroinformativo.com.mx\/index.php?rest_route=%2Fwp%2Fv2%2Fcategories&post=30724"},{"taxonomy":"post_tag","embeddable":true,"href":"https:\/\/encuentroinformativo.com.mx\/index.php?rest_route=%2Fwp%2Fv2%2Ftags&post=30724"}],"curies":[{"name":"wp","href":"https:\/\/api.w.org\/{rel}","templated":true}]}}