{"id":30737,"date":"2022-08-19T14:05:28","date_gmt":"2022-08-19T19:05:28","guid":{"rendered":"https:\/\/encuentroinformativo.com.mx\/?p=30737"},"modified":"2022-08-19T14:05:31","modified_gmt":"2022-08-19T19:05:31","slug":"desaparecen-dos-ninos-en-medellin-de-bravo","status":"publish","type":"post","link":"https:\/\/encuentroinformativo.com.mx\/?p=30737","title":{"rendered":"Desaparecen dos ni\u00f1os en Medell\u00edn de Bravo"},"content":{"rendered":"\n<p><strong>Alejandro \u00c1vila<\/strong><\/p>\n\n\n\n<p>Veracruz, Ver.- Desde el pasado lunes, 2 menores de edad desaparecieron en el municipio de Medell\u00edn de Bravo, por lo que su madre, Blanca L\u00f3pez Amado, solicita el apoyo de la ciudadan\u00eda para dar con su paradero.<\/p>\n\n\n\n<p>Alexis y Juan Emmanuel, de 10 y 9 a\u00f1os de edad respectivamente, son los infantes no localizados. Sus fichas ya fueron publicadas en las redes sociales de la Comisi\u00f3n Estatal de B\u00fasqueda.&nbsp;<\/p>\n\n\n\n<p>A decir de la mujer, sus hijos salieron a comprar a la tienda en la localidad de El Tejar y ya no volvieron a casa. Dijo desconocer si fueron v\u00edctimas de alg\u00fan delito o si se encuentran escondidos en el domicilio de alg\u00fan familiar.&nbsp;<\/p>\n\n\n\n<p>Afligida por no saber nada de sus peque\u00f1os, solicit\u00f3 apoyo de autoridades y ciudadanos.&nbsp;<\/p>\n","protected":false},"excerpt":{"rendered":"<p>Alejandro \u00c1vila Veracruz, Ver.- Desde el pasado lunes, 2 menores de edad desaparecieron en el municipio de Medell\u00edn de Bravo, por lo que su madre, Blanca L\u00f3pez Amado, solicita el apoyo de la ciudadan\u00eda para dar con su paradero. Alexis y Juan Emmanuel, de 10 y 9 a\u00f1os de edad respectivamente, son los infantes no [&hellip;]<\/p>\n","protected":false},"author":1,"featured_media":30738,"comment_status":"open","ping_status":"open","sticky":false,"template":"","format":"standard","meta":{"_jetpack_memberships_contains_paid_content":false,"footnotes":""},"categories":[2],"tags":[],"class_list":["post-30737","post","type-post","status-publish","format-standard","has-post-thumbnail","hentry","category-estado"],"jetpack_featured_media_url":"https:\/\/encuentroinformativo.com.mx\/wp-content\/uploads\/2022\/08\/2884E450-8236-406F-BE1E-65C4D7BC4C7C.jpeg","jetpack_sharing_enabled":true,"jetpack_likes_enabled":true,"amp_enabled":true,"_links":{"self":[{"href":"https:\/\/encuentroinformativo.com.mx\/index.php?rest_route=\/wp\/v2\/posts\/30737","targetHints":{"allow":["GET"]}}],"collection":[{"href":"https:\/\/encuentroinformativo.com.mx\/index.php?rest_route=\/wp\/v2\/posts"}],"about":[{"href":"https:\/\/encuentroinformativo.com.mx\/index.php?rest_route=\/wp\/v2\/types\/post"}],"author":[{"embeddable":true,"href":"https:\/\/encuentroinformativo.com.mx\/index.php?rest_route=\/wp\/v2\/users\/1"}],"replies":[{"embeddable":true,"href":"https:\/\/encuentroinformativo.com.mx\/index.php?rest_route=%2Fwp%2Fv2%2Fcomments&post=30737"}],"version-history":[{"count":1,"href":"https:\/\/encuentroinformativo.com.mx\/index.php?rest_route=\/wp\/v2\/posts\/30737\/revisions"}],"predecessor-version":[{"id":30739,"href":"https:\/\/encuentroinformativo.com.mx\/index.php?rest_route=\/wp\/v2\/posts\/30737\/revisions\/30739"}],"wp:featuredmedia":[{"embeddable":true,"href":"https:\/\/encuentroinformativo.com.mx\/index.php?rest_route=\/wp\/v2\/media\/30738"}],"wp:attachment":[{"href":"https:\/\/encuentroinformativo.com.mx\/index.php?rest_route=%2Fwp%2Fv2%2Fmedia&parent=30737"}],"wp:term":[{"taxonomy":"category","embeddable":true,"href":"https:\/\/encuentroinformativo.com.mx\/index.php?rest_route=%2Fwp%2Fv2%2Fcategories&post=30737"},{"taxonomy":"post_tag","embeddable":true,"href":"https:\/\/encuentroinformativo.com.mx\/index.php?rest_route=%2Fwp%2Fv2%2Ftags&post=30737"}],"curies":[{"name":"wp","href":"https:\/\/api.w.org\/{rel}","templated":true}]}}