{"id":30758,"date":"2022-08-20T11:49:38","date_gmt":"2022-08-20T16:49:38","guid":{"rendered":"https:\/\/encuentroinformativo.com.mx\/?p=30758"},"modified":"2022-08-20T11:49:42","modified_gmt":"2022-08-20T16:49:42","slug":"repararan-acceso-a-localidad-de-paso-del-toro","status":"publish","type":"post","link":"https:\/\/encuentroinformativo.com.mx\/?p=30758","title":{"rendered":"Reparar\u00e1n acceso a localidad de Paso del Toro"},"content":{"rendered":"\n<p><strong>Alejandro \u00c1vila<\/strong><\/p>\n\n\n\n<p>Medell\u00edn de Bravo, Ver.- Finalmente y tras varios a\u00f1os de espera, los habitantes de la &#8220;Y Griega&#8221; en la localidad de Paso del Toro del municipio de Medell\u00edn de Bravo, ver\u00e1n pavimentado su acceso principal, una de las principales v\u00edas de entrada a la zona.<\/p>\n\n\n\n<p>Al momento, el avance de la obra lleva un 80 por ciento del total de los 2 kilometros que ser\u00e1n pavimentados, detall\u00f3 en sus redes sociales el alcalde Marcos Isle\u00f1o Andrade, tras la supervisi\u00f3n de los trabajos.<\/p>\n\n\n\n<p>\u201cAgradezco la confianza que tuvieron los habitantes de la comunidad para que pudi\u00e9ramos trabajar y as\u00ed poder cubrir sus necesidades. Esta obra beneficiar\u00e1 a los habitantes de esta comunidad y tambi\u00e9n a los de la colonia Lozano, perteneciente a Paso del Toro\u201d, coment\u00f3.<\/p>\n\n\n\n<p>Por su parte, la Directora de Obras P\u00fablicas, Patricia Ram\u00edrez Silva, subray\u00f3 que la obra total constar\u00e1 de 2 kil\u00f3metros de pavimentaci\u00f3n con asfalto, as\u00ed como guarniciones y banquetas.&nbsp;<\/p>\n\n\n\n<p>La funcionaria detall\u00f3 que previo se realizaron trabajos de limpieza de la zona y el retiro de escombro.&nbsp;<\/p>\n\n\n\n<p>Adem\u00e1s, coment\u00f3 que se coloc\u00f3 una base de 15 cent\u00edmetros y otra de 5 cent\u00edmetros de asfalto compactado.<\/p>\n","protected":false},"excerpt":{"rendered":"<p>Alejandro \u00c1vila Medell\u00edn de Bravo, Ver.- Finalmente y tras varios a\u00f1os de espera, los habitantes de la &#8220;Y Griega&#8221; en la localidad de Paso del Toro del municipio de Medell\u00edn de Bravo, ver\u00e1n pavimentado su acceso principal, una de las principales v\u00edas de entrada a la zona. Al momento, el avance de la obra lleva [&hellip;]<\/p>\n","protected":false},"author":1,"featured_media":30759,"comment_status":"open","ping_status":"open","sticky":false,"template":"","format":"standard","meta":{"_jetpack_memberships_contains_paid_content":false,"footnotes":""},"categories":[2],"tags":[],"class_list":["post-30758","post","type-post","status-publish","format-standard","has-post-thumbnail","hentry","category-estado"],"jetpack_featured_media_url":"https:\/\/encuentroinformativo.com.mx\/wp-content\/uploads\/2022\/08\/7F0658E9-1546-4B41-89A2-99929860F64B.jpeg","jetpack_sharing_enabled":true,"jetpack_likes_enabled":true,"amp_enabled":true,"_links":{"self":[{"href":"https:\/\/encuentroinformativo.com.mx\/index.php?rest_route=\/wp\/v2\/posts\/30758","targetHints":{"allow":["GET"]}}],"collection":[{"href":"https:\/\/encuentroinformativo.com.mx\/index.php?rest_route=\/wp\/v2\/posts"}],"about":[{"href":"https:\/\/encuentroinformativo.com.mx\/index.php?rest_route=\/wp\/v2\/types\/post"}],"author":[{"embeddable":true,"href":"https:\/\/encuentroinformativo.com.mx\/index.php?rest_route=\/wp\/v2\/users\/1"}],"replies":[{"embeddable":true,"href":"https:\/\/encuentroinformativo.com.mx\/index.php?rest_route=%2Fwp%2Fv2%2Fcomments&post=30758"}],"version-history":[{"count":1,"href":"https:\/\/encuentroinformativo.com.mx\/index.php?rest_route=\/wp\/v2\/posts\/30758\/revisions"}],"predecessor-version":[{"id":30760,"href":"https:\/\/encuentroinformativo.com.mx\/index.php?rest_route=\/wp\/v2\/posts\/30758\/revisions\/30760"}],"wp:featuredmedia":[{"embeddable":true,"href":"https:\/\/encuentroinformativo.com.mx\/index.php?rest_route=\/wp\/v2\/media\/30759"}],"wp:attachment":[{"href":"https:\/\/encuentroinformativo.com.mx\/index.php?rest_route=%2Fwp%2Fv2%2Fmedia&parent=30758"}],"wp:term":[{"taxonomy":"category","embeddable":true,"href":"https:\/\/encuentroinformativo.com.mx\/index.php?rest_route=%2Fwp%2Fv2%2Fcategories&post=30758"},{"taxonomy":"post_tag","embeddable":true,"href":"https:\/\/encuentroinformativo.com.mx\/index.php?rest_route=%2Fwp%2Fv2%2Ftags&post=30758"}],"curies":[{"name":"wp","href":"https:\/\/api.w.org\/{rel}","templated":true}]}}