{"id":30761,"date":"2022-08-20T11:54:30","date_gmt":"2022-08-20T16:54:30","guid":{"rendered":"https:\/\/encuentroinformativo.com.mx\/?p=30761"},"modified":"2022-08-20T11:54:34","modified_gmt":"2022-08-20T16:54:34","slug":"renuevan-parque-vehicular-en-ayuntamiento-de-alvarado","status":"publish","type":"post","link":"https:\/\/encuentroinformativo.com.mx\/?p=30761","title":{"rendered":"Renuevan parque vehicular en  Ayuntamiento de Alvarado"},"content":{"rendered":"\n<p><strong>Alejandro \u00c1vila<\/strong><\/p>\n\n\n\n<p>Alvarado, Ver.- Este viernes por la tarde el Ayuntamiento de Alvarado hizo entrega del nuevo parque vehicular para las \u00e1reas operativas del municipio.<\/p>\n\n\n\n<p>Se trata de 21 unidades para los elementos de Protecci\u00f3n Civil, Polic\u00eda Municipal y otras \u00e1reas operativas del municipio, entre las que destacan patrullas, motocicletas y otros veh\u00edculos.<\/p>\n\n\n\n<p>La alcaldesa, Lizzette Alvarez Vera precis\u00f3 que una las principales obligaciones de un Gobierno, es la realizaci\u00f3n de acciones concretas que redunden en beneficio de sus representados, que impacten en el mejoramiento de su calidad de vida y que garanticen la transparente y ordenada aplicaci\u00f3n de los recursos p\u00fablicos.<\/p>\n\n\n\n<p>La edil expres\u00f3 ante los&nbsp; presentes, que una de las primeras decisiones fue la de equipar las \u00e1reas operativas del Ayuntamiento, entre ellas la del parque vehicular propio que permitir\u00e1 incrementar su patrimonio, mejorar la prestaci\u00f3n de los servicios y generar ahorros econ\u00f3micos en el mediano y largo plazo.<\/p>\n\n\n\n<p>Lizzette \u00c1lvarez detall\u00f3 la compra&nbsp; de 21 veh\u00edculos automotores que representan una inversi\u00f3n de 5 millones 616 mil 322 pesos del Programa de Fortalecimiento Municipal del Ramo 033.<\/p>\n\n\n\n<p>Estos veh\u00edculos, ser\u00e1n para el servicio de las diferentes \u00e1reas de la administraci\u00f3n municipal, mismos que consisten en: 4 Patrullas para la Polic\u00eda Municipal acreditable equipadas tipo Pick-Up; 2 motopatrullas equipadas tambi\u00e9n para la corporaci\u00f3n policial, camioneta tipo Pick-Up para la Unidad Municipal de Protecci\u00f3n Civil y Bomberos, motocicleta de Respuesta R\u00e1pida para la misma corporaci\u00f3n, Ambulancia equipada para el Servicio de Emergencias, 3 Motocicletas para la Direcci\u00f3n de Comercio; y, 8 Veh\u00edculos tipo sed\u00e1n y 1 Camioneta Pick-Up de tipo utilitario, para las comisiones del cuerpo edilicio y las diversas \u00e1reas del Ayuntamiento.<\/p>\n","protected":false},"excerpt":{"rendered":"<p>Alejandro \u00c1vila Alvarado, Ver.- Este viernes por la tarde el Ayuntamiento de Alvarado hizo entrega del nuevo parque vehicular para las \u00e1reas operativas del municipio. Se trata de 21 unidades para los elementos de Protecci\u00f3n Civil, Polic\u00eda Municipal y otras \u00e1reas operativas del municipio, entre las que destacan patrullas, motocicletas y otros veh\u00edculos. La alcaldesa, [&hellip;]<\/p>\n","protected":false},"author":1,"featured_media":30762,"comment_status":"open","ping_status":"open","sticky":false,"template":"","format":"standard","meta":{"_jetpack_memberships_contains_paid_content":false,"footnotes":""},"categories":[2],"tags":[],"class_list":["post-30761","post","type-post","status-publish","format-standard","has-post-thumbnail","hentry","category-estado"],"jetpack_featured_media_url":"https:\/\/encuentroinformativo.com.mx\/wp-content\/uploads\/2022\/08\/41204207-C59C-4CD5-B28D-BBB78494F8D6.jpeg","jetpack_sharing_enabled":true,"jetpack_likes_enabled":true,"amp_enabled":true,"_links":{"self":[{"href":"https:\/\/encuentroinformativo.com.mx\/index.php?rest_route=\/wp\/v2\/posts\/30761","targetHints":{"allow":["GET"]}}],"collection":[{"href":"https:\/\/encuentroinformativo.com.mx\/index.php?rest_route=\/wp\/v2\/posts"}],"about":[{"href":"https:\/\/encuentroinformativo.com.mx\/index.php?rest_route=\/wp\/v2\/types\/post"}],"author":[{"embeddable":true,"href":"https:\/\/encuentroinformativo.com.mx\/index.php?rest_route=\/wp\/v2\/users\/1"}],"replies":[{"embeddable":true,"href":"https:\/\/encuentroinformativo.com.mx\/index.php?rest_route=%2Fwp%2Fv2%2Fcomments&post=30761"}],"version-history":[{"count":1,"href":"https:\/\/encuentroinformativo.com.mx\/index.php?rest_route=\/wp\/v2\/posts\/30761\/revisions"}],"predecessor-version":[{"id":30763,"href":"https:\/\/encuentroinformativo.com.mx\/index.php?rest_route=\/wp\/v2\/posts\/30761\/revisions\/30763"}],"wp:featuredmedia":[{"embeddable":true,"href":"https:\/\/encuentroinformativo.com.mx\/index.php?rest_route=\/wp\/v2\/media\/30762"}],"wp:attachment":[{"href":"https:\/\/encuentroinformativo.com.mx\/index.php?rest_route=%2Fwp%2Fv2%2Fmedia&parent=30761"}],"wp:term":[{"taxonomy":"category","embeddable":true,"href":"https:\/\/encuentroinformativo.com.mx\/index.php?rest_route=%2Fwp%2Fv2%2Fcategories&post=30761"},{"taxonomy":"post_tag","embeddable":true,"href":"https:\/\/encuentroinformativo.com.mx\/index.php?rest_route=%2Fwp%2Fv2%2Ftags&post=30761"}],"curies":[{"name":"wp","href":"https:\/\/api.w.org\/{rel}","templated":true}]}}