{"id":30783,"date":"2022-08-21T18:14:00","date_gmt":"2022-08-21T23:14:00","guid":{"rendered":"https:\/\/encuentroinformativo.com.mx\/?p=30783"},"modified":"2022-08-22T01:17:21","modified_gmt":"2022-08-22T06:17:21","slug":"desfilan-bomberos-por-calles-de-xalapa","status":"publish","type":"post","link":"https:\/\/encuentroinformativo.com.mx\/?p=30783","title":{"rendered":"Desfilan bomberos por calles de Xalapa"},"content":{"rendered":"\n<p><strong>Juan Arcos<\/strong><\/p>\n\n\n\n<p>Xalapa, Ver.- Bomberos de Xalapa desfilaron este domingo 21 de agosto en la capital del estado como parte de sus actividades por el D\u00eda Nacional del Bombero, que se conmemora cada 22 de agosto.<\/p>\n\n\n\n<p>Los rescatistas se concentraron en la estaci\u00f3n central, ubicada sobre la calle Ernesto Ortiz Medina, en la colonia Obrero Campesina, para posteriormente trasladarse a la zona centro de la ciudad.<\/p>\n\n\n\n<p>Durante su recorrido exhibieron una carreta que data de los a\u00f1os 80 y que es hist\u00f3rica porque estuvo operando en el puerto de Veracruz hace mucho tiempo.<\/p>\n\n\n\n<p>De acuerdo con el primer comandante Jos\u00e9 Luis Acosta Hern\u00e1ndez, se trata de una las piezas m\u00e1s valiosas que se encuentra en el museo, al interior de la estaci\u00f3n central.\u00a0<br>Record\u00f3 que el cuerpo de bomberos de Xalapa entr\u00f3 en funciones desde el a\u00f1o 1938 y continuar\u00e1 laborando en beneficio de la poblaci\u00f3n.<\/p>\n\n\n\n<p>\u201cPor eso la semblanza de este desfile, para que vean que bomberos est\u00e1 operando desde el a\u00f1o 1938 y seguir\u00e1 laborando. Es para que la gente conozca parte de los bomberos\u201d, enfatiz\u00f3.<\/p>\n\n\n\n<p>Acosta Hern\u00e1ndez destac\u00f3 que las necesidades de los bomberos contin\u00faan siendo significativas, pues laboran en n\u00fameros rojos y sus unidades no han recibido mantenimiento desde hace m\u00e1s de un a\u00f1o.<\/p>\n\n\n\n<p>Pese a lo anterior, el primer comandante indic\u00f3 que actualmente operan al 90 por ciento en la ciudad de Xalapa.<\/p>\n\n\n\n<p>La corporaci\u00f3n cuenta con 43 elementos y tiene un d\u00e9ficit de personal de 57 bomberos, pues se requiere al menos una plantilla de 100, para atender todas las demandas de la ciudad.<\/p>\n\n\n\n<figure class=\"wp-block-image size-large\"><img loading=\"lazy\" decoding=\"async\" width=\"1024\" height=\"596\" src=\"https:\/\/encuentroinformativo.com.mx\/wp-content\/uploads\/2022\/08\/A8F45063-4652-4D71-B4CE-4C7867C3789B-1024x596.jpeg\" alt=\"\" class=\"wp-image-30785\" srcset=\"https:\/\/encuentroinformativo.com.mx\/wp-content\/uploads\/2022\/08\/A8F45063-4652-4D71-B4CE-4C7867C3789B-1024x596.jpeg 1024w, https:\/\/encuentroinformativo.com.mx\/wp-content\/uploads\/2022\/08\/A8F45063-4652-4D71-B4CE-4C7867C3789B-300x175.jpeg 300w, https:\/\/encuentroinformativo.com.mx\/wp-content\/uploads\/2022\/08\/A8F45063-4652-4D71-B4CE-4C7867C3789B-768x447.jpeg 768w, https:\/\/encuentroinformativo.com.mx\/wp-content\/uploads\/2022\/08\/A8F45063-4652-4D71-B4CE-4C7867C3789B.jpeg 1359w\" sizes=\"auto, (max-width: 1024px) 100vw, 1024px\" \/><\/figure>\n\n\n\n<p><\/p>\n","protected":false},"excerpt":{"rendered":"<p>Juan Arcos Xalapa, Ver.- Bomberos de Xalapa desfilaron este domingo 21 de agosto en la capital del estado como parte de sus actividades por el D\u00eda Nacional del Bombero, que se conmemora cada 22 de agosto. Los rescatistas se concentraron en la estaci\u00f3n central, ubicada sobre la calle Ernesto Ortiz Medina, en la colonia Obrero [&hellip;]<\/p>\n","protected":false},"author":1,"featured_media":30784,"comment_status":"open","ping_status":"open","sticky":false,"template":"","format":"standard","meta":{"_jetpack_memberships_contains_paid_content":false,"footnotes":""},"categories":[3],"tags":[],"class_list":["post-30783","post","type-post","status-publish","format-standard","has-post-thumbnail","hentry","category-xalapa"],"jetpack_featured_media_url":"https:\/\/encuentroinformativo.com.mx\/wp-content\/uploads\/2022\/08\/EDF2F888-989C-41CC-8B3A-1EE62C08918C.jpeg","jetpack_sharing_enabled":true,"jetpack_likes_enabled":true,"amp_enabled":true,"_links":{"self":[{"href":"https:\/\/encuentroinformativo.com.mx\/index.php?rest_route=\/wp\/v2\/posts\/30783","targetHints":{"allow":["GET"]}}],"collection":[{"href":"https:\/\/encuentroinformativo.com.mx\/index.php?rest_route=\/wp\/v2\/posts"}],"about":[{"href":"https:\/\/encuentroinformativo.com.mx\/index.php?rest_route=\/wp\/v2\/types\/post"}],"author":[{"embeddable":true,"href":"https:\/\/encuentroinformativo.com.mx\/index.php?rest_route=\/wp\/v2\/users\/1"}],"replies":[{"embeddable":true,"href":"https:\/\/encuentroinformativo.com.mx\/index.php?rest_route=%2Fwp%2Fv2%2Fcomments&post=30783"}],"version-history":[{"count":1,"href":"https:\/\/encuentroinformativo.com.mx\/index.php?rest_route=\/wp\/v2\/posts\/30783\/revisions"}],"predecessor-version":[{"id":30786,"href":"https:\/\/encuentroinformativo.com.mx\/index.php?rest_route=\/wp\/v2\/posts\/30783\/revisions\/30786"}],"wp:featuredmedia":[{"embeddable":true,"href":"https:\/\/encuentroinformativo.com.mx\/index.php?rest_route=\/wp\/v2\/media\/30784"}],"wp:attachment":[{"href":"https:\/\/encuentroinformativo.com.mx\/index.php?rest_route=%2Fwp%2Fv2%2Fmedia&parent=30783"}],"wp:term":[{"taxonomy":"category","embeddable":true,"href":"https:\/\/encuentroinformativo.com.mx\/index.php?rest_route=%2Fwp%2Fv2%2Fcategories&post=30783"},{"taxonomy":"post_tag","embeddable":true,"href":"https:\/\/encuentroinformativo.com.mx\/index.php?rest_route=%2Fwp%2Fv2%2Ftags&post=30783"}],"curies":[{"name":"wp","href":"https:\/\/api.w.org\/{rel}","templated":true}]}}