{"id":30796,"date":"2022-08-22T11:22:36","date_gmt":"2022-08-22T16:22:36","guid":{"rendered":"https:\/\/encuentroinformativo.com.mx\/?p=30796"},"modified":"2022-08-22T12:30:46","modified_gmt":"2022-08-22T17:30:46","slug":"van-cinco-casos-de-viruela-del-mono-en-veracruz","status":"publish","type":"post","link":"https:\/\/encuentroinformativo.com.mx\/?p=30796","title":{"rendered":"Van cinco casos de viruela del mono en Veracruz"},"content":{"rendered":"\n<p><strong>Dar\u00edo Pale <\/strong><\/p>\n\n\n\n<p>Xalapa, Ver.- Hasta ahora suman ya cinco casos confirmados de la viruela del mono en Veracruz, precis\u00f3 que el \u00faltimo ya es considerado de transmisi\u00f3n local y se dio en un joven originario de Misantla, as\u00ed lo inform\u00f3 el secretario de Salud en la entidad, Gerardo D\u00edaz Morales.<\/p>\n\n\n\n<p>Entrevistado en el parque Ju\u00e1rez, inform\u00f3 que se han registrado cinco casos de viruela s\u00edmica o del mono en el Estado, pero asegur\u00f3 que no debe existir motivo de alarma, detall\u00f3 que el caso m\u00e1s reciente se dar\u00e1 a conocer apenas este lunes, pero se trata de un hombre joven que padece alg\u00fan tipo de comorbilidad, pero ya est\u00e1 siendo atendido.<\/p>\n\n\n\n<p>&#8220;Tenemos cinco casos de viruela s\u00edmica, este \u00faltimo apenas va a ser reportado el lunes, es un paciente joven que ha tenido alguna comorbilidad, que lo atendimos, de los pacientes que tuvimos dentro de Xalapa, Boca del R\u00edo y los dos extranjeros han sido de \u00a0inicio importados, este pudiera ser de car\u00e1cter de transmisi\u00f3n local, pero de manera controlada&#8221;, se\u00f1al\u00f3.<\/p>\n\n\n\n<p>Mencion\u00f3 que para que haya m\u00e1s casos, m\u00e1s personas contagiadas es necesario que haya un contacto estrecho prolongado de las personas con el infectado, por ejemplo el paciente contagiado de Covid puede infectar de seis a ocho personas, mientras que el de viruela del mono a 1.3.<\/p>\n\n\n\n<p>De los pacientes de Xalapa, Boca del R\u00edo, adem\u00e1s de los dos extranjeros, afirm\u00f3 que se trata de casos importados, lo que pudiera s\u00ed generar transmisiones pero &#8220;debidamente controlado&#8221;.<\/p>\n\n\n\n<p>El galeno indic\u00f3 que el quinto paciente es originario del municipio de Misantla, &#8220;Est\u00e1n reforzadas las medidas sanitarias desde un principio, nosotros detectamos los casos gracias a una vigilancia epidemiol\u00f3gica estricta.<\/p>\n\n\n\n<p>Est\u00e1 enfermedad se presenta con fiebre, letargo, cansancio y as\u00ed hay muchas enfermedades virales tal y como esta. Su primera manifestaci\u00f3n son las erupciones cut\u00e1neas&#8221;, a\u00f1adi\u00f3.<\/p>\n\n\n\n<p>El Secretario sostuvo que los veracruzanos deben tener toda la tranquilidad porque la dependencia a su cargo est\u00e1 aplicando de manera puntual y estricta las medidas necesarias y est\u00e1n detectando los casos a tiempo.<\/p>\n\n\n\n<p>D\u00edaz Morales, insisti\u00f3 en que est\u00e1n capacitados para atender y mantener controlados estos casos y neg\u00f3 que haya temor en los servicios de salud por alg\u00fan descontrol.<\/p>\n\n\n\n<p>&#8220;Para ellos hemos hecho 5 cursos, el \u00faltimo lo presid\u00ed con directores, jefes de jurisdicci\u00f3n de los 59 o 60 hospitales que ya vamos a tener, de los 830 centros de salud. Hemos dado los cursos en su medida y tiempo y les repito: no hay que tener ning\u00fan tipo de alarma porque el personal m\u00e9dico y param\u00e9dico sabe que necesita un contacto directo prolongado y estrecho&#8221; dijo.<\/p>\n\n\n\n<p>Ante el regreso a clases, dijo que se deben mantener las medidas sanitarias implementadas por el COVID y principalmente evitar contactos.<\/p>\n\n\n\n<p>Afirm\u00f3 que esto deber\u00e1 seguir vigente para todas las enfermedades virales.<\/p>\n\n\n\n<p><\/p>\n","protected":false},"excerpt":{"rendered":"<p>Dar\u00edo Pale Xalapa, Ver.- Hasta ahora suman ya cinco casos confirmados de la viruela del mono en Veracruz, precis\u00f3 que el \u00faltimo ya es considerado de transmisi\u00f3n local y se dio en un joven originario de Misantla, as\u00ed lo inform\u00f3 el secretario de Salud en la entidad, Gerardo D\u00edaz Morales. Entrevistado en el parque Ju\u00e1rez, [&hellip;]<\/p>\n","protected":false},"author":1,"featured_media":30797,"comment_status":"open","ping_status":"open","sticky":false,"template":"","format":"standard","meta":{"_jetpack_memberships_contains_paid_content":false,"footnotes":""},"categories":[9],"tags":[],"class_list":["post-30796","post","type-post","status-publish","format-standard","has-post-thumbnail","hentry","category-salud"],"jetpack_featured_media_url":"https:\/\/encuentroinformativo.com.mx\/wp-content\/uploads\/2022\/08\/B611C23C-CD1A-48D6-A0D2-97122EB5D071.jpeg","jetpack_sharing_enabled":true,"jetpack_likes_enabled":true,"amp_enabled":true,"_links":{"self":[{"href":"https:\/\/encuentroinformativo.com.mx\/index.php?rest_route=\/wp\/v2\/posts\/30796","targetHints":{"allow":["GET"]}}],"collection":[{"href":"https:\/\/encuentroinformativo.com.mx\/index.php?rest_route=\/wp\/v2\/posts"}],"about":[{"href":"https:\/\/encuentroinformativo.com.mx\/index.php?rest_route=\/wp\/v2\/types\/post"}],"author":[{"embeddable":true,"href":"https:\/\/encuentroinformativo.com.mx\/index.php?rest_route=\/wp\/v2\/users\/1"}],"replies":[{"embeddable":true,"href":"https:\/\/encuentroinformativo.com.mx\/index.php?rest_route=%2Fwp%2Fv2%2Fcomments&post=30796"}],"version-history":[{"count":2,"href":"https:\/\/encuentroinformativo.com.mx\/index.php?rest_route=\/wp\/v2\/posts\/30796\/revisions"}],"predecessor-version":[{"id":30805,"href":"https:\/\/encuentroinformativo.com.mx\/index.php?rest_route=\/wp\/v2\/posts\/30796\/revisions\/30805"}],"wp:featuredmedia":[{"embeddable":true,"href":"https:\/\/encuentroinformativo.com.mx\/index.php?rest_route=\/wp\/v2\/media\/30797"}],"wp:attachment":[{"href":"https:\/\/encuentroinformativo.com.mx\/index.php?rest_route=%2Fwp%2Fv2%2Fmedia&parent=30796"}],"wp:term":[{"taxonomy":"category","embeddable":true,"href":"https:\/\/encuentroinformativo.com.mx\/index.php?rest_route=%2Fwp%2Fv2%2Fcategories&post=30796"},{"taxonomy":"post_tag","embeddable":true,"href":"https:\/\/encuentroinformativo.com.mx\/index.php?rest_route=%2Fwp%2Fv2%2Ftags&post=30796"}],"curies":[{"name":"wp","href":"https:\/\/api.w.org\/{rel}","templated":true}]}}