{"id":308,"date":"2020-03-03T22:30:40","date_gmt":"2020-03-04T04:30:40","guid":{"rendered":"https:\/\/encuentroinformativodotcomdotmx.wordpress.com\/2020\/03\/03\/el-diputado-que-se-comieron-en-tacos\/"},"modified":"2020-03-04T07:30:45","modified_gmt":"2020-03-04T07:30:45","slug":"el-diputado-que-se-comieron-en-tacos","status":"publish","type":"post","link":"https:\/\/encuentroinformativo.com.mx\/?p=308","title":{"rendered":"EL DIPUTADO QUE SE COMIERON EN TACOS"},"content":{"rendered":"\n<ul class=\"wp-block-list\"><li>El &#8220;Procurador&#8221; que anda viendo a qui\u00e9n jode.<\/li><li>Van por otro Duartista que se ali\u00f3 al Yunismo.<\/li><li>Van contra ambulantes en Xalapa.<\/li><\/ul>\n\n\n\n<p class=\"has-text-align-right\"><em>Vaya ideota: vender boletos de la rifa que no es rifa en el mero d\u00eda del #UnD\u00edaSinNosotras<br>&#8211;Chopenjawer<\/em><\/p>\n\n\n\n<p>Es muy probable que este mi\u00e9rcoles al &#8220;diputaco&#8221; ya lo est\u00e9n marinando desde la ma\u00f1ana. Lo tengan en un ba\u00f1o de achiote con jugo de naranja de Mart\u00ednez de la Torre y finas hierbas. Que lo est\u00e9n sazonando con sal y pimienta para acomodarlo luego en la vara donde va el trompo.<\/p>\n\n\n\n<p>Para esto, los taqueros de &#8220;El Congres\u00edn&#8221; ya lavaron sillas, mesas y trastes; ya deben haber metido bebidas al refri y darle una &#8220;chaineada&#8221; al local. Tambi\u00e9n est\u00e1 la ardua tarea de picar la cebolla y el cilantro; preparar las salsas que, por ser en Xalapa, est\u00e1 la infaltable de &#8220;chile seco&#8221;, m\u00e1s una de habanero picado con pi\u00f1a, otra verde y una de cacahuate en aceitito de oliva, as\u00ed bien fif\u00ed.<\/p>\n\n\n\n<p>Esta vez, por ser carnita del distrito de Misantla, se trajeron una salsa especial: de chiltep\u00edn.<\/p>\n\n\n\n<p>Una vez que el &#8220;diputaco&#8221; tenga la varilla atravesada de polo a polo, el \u00fanico inconveniente es cargarlo porque est\u00e1 regrandote y pesa mucho por tanto relleno. Dicen que en los \u00faltimos meses lo estuvieron engordando con puro aguacate del caro, as\u00ed como en Michoac\u00e1n; quienes lo criaron, tambi\u00e9n le daban su lechita con whisky, y le pon\u00edan rolas de Jos\u00e9 Alfredo Jim\u00e9nez para tenerlo contento.<\/p>\n\n\n\n<p>En el &#8220;Congres\u00edn&#8221; de hecho hubo una disputa\/discusi\u00f3n porque hab\u00edan quienes dec\u00edan que no val\u00eda la pena sacrificar al animalito rechoncho ese y pos ya sabes, bien ac\u00e1 defensores de los animales.<\/p>\n\n\n\n<p>Pero la mayor\u00eda de los socios de la taquer\u00eda dijeron que nel, que ya le tocaba, porque la neta nom\u00e1s ocupaba espacio y estorbaba; adem\u00e1s es muy chill\u00f3n, &#8220;sacalepunta&#8221;, retador y conflictivo. Cosa rara, pero parece que usaba la trompa para todo, pero nunca la us\u00f3 para pedir clemencia a sus verdugos.<\/p>\n\n\n\n<p>Total que a estas alturas, ya lo tienen bien envarillado.<\/p>\n\n\n\n<p>Este mi\u00e9rcoles prender\u00e1n el fuego del horno pastorero. Echar\u00e1n tortilla &#8211;de esa amarilla que se hace a mano&#8211; al comal encalado. Los parrilleros tambi\u00e9n prender\u00e1n el carb\u00f3n para andar al tiro, hasta que se ponga al rojo vivo.<\/p>\n\n\n\n<p>&#8220;El Congres\u00edn&#8221; (tambi\u00e9n conocido como &#8220;Taquer\u00eda General del Estado&#8221;) abrir\u00e1 sus puertas temprano porque es fiesta para el pueblo.<\/p>\n\n\n\n<p>Los m\u00e1s tragones, deben ya estar listos con su &#8220;toperwer&#8221; porque, por cuidadosos del medio ambiente, no se van a entregar art\u00edculos desechables. No contaminemos porfa, y piensen en las tortuguitas si piden popote pal &#8220;chesco&#8221;.<\/p>\n\n\n\n<p>Dicen que el m\u00e1s feliz es Don &#8220;Bola Ocho&#8221;, quien lleva a su noviecita del brazo: le prometi\u00f3 unos con grasita, como le gustan. De hecho ser\u00e1n los m\u00e1s contentos cuando se saboreen la carnita que se va a hacer. Est\u00e1n pensando de hecho en pedir un &#8220;Pastorcillo&#8221; como de un kilo para taquear a gusto.<\/p>\n\n\n\n<p>Algo debe haber pasado que al final de cuentas los defensores doblaron las manitas ante lo inevitable. Har\u00e1n como que lo defienden y as\u00ed el show en plena rostizada y tasajeada, pero dicen que la suerte est\u00e1 echada: al &#8220;diputaco&#8221; se lo van a echar en tacos.<\/p>\n\n\n\n<p>A ver si no se les cae el trompo de \u00faltima hora. Suele pasar.<\/p>\n\n\n\n<p><strong>NOTA PARA PEGAR EN EL REFRI: <\/strong>Que parece que le jalaron las orejas al procurador del Medio Ambiente, Sergio Rodr\u00edguez Cort\u00e9s, porque el vato anda muy desatado no s\u00f3lo jodiendo alcaldes con temas de basureros, sino tambi\u00e9n d\u00e1ndole en la &#8220;mother&#8221; a empresas como Super Ahorros (que da muchos empleos) all\u00e1 en su propia tierra natal. Tambi\u00e9n existen molestias por parte de empresarios en Xalapa, pues al parecer &#8211;sin tener atribuciones&#8211; anda clausurando una obra de construcci\u00f3n de una plaza comercial en la avenida Europa, frente a Plaza Calabria, justo en el momento en que los obreros estaban por realizar el colado de los techos de la planta baja\u2026 De esas cosas raras de la Cuarta Transformeishion. Seguramente a un genio de la 4T se le ocurri\u00f3 as\u00ed de repente jalarlo: &#8220;\u00bfTe acuerdas de Sergio Rodr\u00edguez Cort\u00e9s? \u00bfEl pol\u00edtico que sale en una foto as\u00ed bien naco con billetes en la cama como si fuese portada de cine de ficheras? Me late que ser\u00eda una buena adquisici\u00f3n para el gobierno de Cuitl\u00e1huac?&#8221;\u2026 Ojal\u00e1 el vato se diera un vuelta por Minatitl\u00e1n, donde seg\u00fan est\u00e1n recuperando el basurero de Las Matas, pero ya est\u00e1n creciendo otros tiraderos clandestinos en la zona de los pantanos. La misma situaci\u00f3n, el mismo problema, pero all\u00e1 no va a hacer borlote.<\/p>\n\n\n\n<p><strong>OTRA NOTA:<\/strong> &#8220;El exdiputado local priista y exsubsecretario de Finanzas y Administraci\u00f3n en el gobierno de Javier Duarte de Ochoa est\u00e1 siendo se\u00f1alado en una investigaci\u00f3n de la Fiscal\u00eda General de la Rep\u00fablica (FGR), por lo que el ex funcionario de origen cordob\u00e9s ahora tambi\u00e9n busca un amparo ante un juez federal&#8221;, informa el portal Versiones\u2026 Del Castillo Gonz\u00e1lez est\u00e1 relacionado con los delitos de Incumplimiento de un deber legal, abuso de autoridad y desv\u00edos de recursos, cometidos en agravio del servicio p\u00fablico\u2026 Para m\u00e1s se\u00f1as, al &#8220;exflaco&#8221; tambi\u00e9n lo se\u00f1alan de haber ense\u00f1ado la bodega llena de tiliches de Duarte en C\u00f3rdoba, aquella que exhibi\u00f3 &#8220;Cascarita&#8221; en medios.<\/p>\n\n\n\n<p><strong>LA \u00daLTIMA PORQUE ANDAMOS RESOLVIENDO LO DE LA CENA QUE NO SEA MUY TARDE PORQUE LUEGO EL TRINCHE REFLUJO:<\/strong> El alcalde de Xalapa, Don Xipolit\u00e9, quiz\u00e1s sea uno de los m\u00e1s criticados en algunas acciones, pero habr\u00e1 que destacar que el Plan de Movilidad ha sido un acierto: quitar puestos callejeros cerca de hospitales, tel\u00e9fonos p\u00fablicos inservibles, publicidad en las banquetas y ahora el anuncio de que van a remover a los vendedores ambulantes de la zona de Los Lagos, que est\u00e1 saturado de fritangas y otras cosas. Ojal\u00e1 tampoco tarde en la zona de Los Sauces, donde la cl\u00ednica 66 tiene a su alrededor de todo tipo de changarros, algunos que francamente no creo que se dediquen de lleno a la venta de dulces o chicles como aparentan.<\/p>\n\n\n\n<p><strong>@pablojair<\/strong><\/p>\n","protected":false},"excerpt":{"rendered":"<p>El &#8220;Procurador&#8221; que anda viendo a qui\u00e9n jode. Van por otro Duartista que se ali\u00f3 al Yunismo. Van contra ambulantes en Xalapa. Vaya ideota: vender boletos de la rifa que no es rifa en el mero d\u00eda del #UnD\u00edaSinNosotras&#8211;Chopenjawer Es muy probable que este mi\u00e9rcoles al &#8220;diputaco&#8221; ya lo est\u00e9n marinando desde la ma\u00f1ana. Lo [&hellip;]<\/p>\n","protected":false},"author":1,"featured_media":123,"comment_status":"open","ping_status":"open","sticky":false,"template":"","format":"standard","meta":{"_jetpack_memberships_contains_paid_content":false,"footnotes":""},"categories":[11],"tags":[],"class_list":["post-308","post","type-post","status-publish","format-standard","has-post-thumbnail","hentry","category-opinion"],"jetpack_featured_media_url":"https:\/\/encuentroinformativo.com.mx\/wp-content\/uploads\/2020\/02\/opinion-pablo.png","jetpack_sharing_enabled":true,"jetpack_likes_enabled":true,"amp_enabled":true,"_links":{"self":[{"href":"https:\/\/encuentroinformativo.com.mx\/index.php?rest_route=\/wp\/v2\/posts\/308","targetHints":{"allow":["GET"]}}],"collection":[{"href":"https:\/\/encuentroinformativo.com.mx\/index.php?rest_route=\/wp\/v2\/posts"}],"about":[{"href":"https:\/\/encuentroinformativo.com.mx\/index.php?rest_route=\/wp\/v2\/types\/post"}],"author":[{"embeddable":true,"href":"https:\/\/encuentroinformativo.com.mx\/index.php?rest_route=\/wp\/v2\/users\/1"}],"replies":[{"embeddable":true,"href":"https:\/\/encuentroinformativo.com.mx\/index.php?rest_route=%2Fwp%2Fv2%2Fcomments&post=308"}],"version-history":[{"count":1,"href":"https:\/\/encuentroinformativo.com.mx\/index.php?rest_route=\/wp\/v2\/posts\/308\/revisions"}],"predecessor-version":[{"id":338,"href":"https:\/\/encuentroinformativo.com.mx\/index.php?rest_route=\/wp\/v2\/posts\/308\/revisions\/338"}],"wp:featuredmedia":[{"embeddable":true,"href":"https:\/\/encuentroinformativo.com.mx\/index.php?rest_route=\/wp\/v2\/media\/123"}],"wp:attachment":[{"href":"https:\/\/encuentroinformativo.com.mx\/index.php?rest_route=%2Fwp%2Fv2%2Fmedia&parent=308"}],"wp:term":[{"taxonomy":"category","embeddable":true,"href":"https:\/\/encuentroinformativo.com.mx\/index.php?rest_route=%2Fwp%2Fv2%2Fcategories&post=308"},{"taxonomy":"post_tag","embeddable":true,"href":"https:\/\/encuentroinformativo.com.mx\/index.php?rest_route=%2Fwp%2Fv2%2Ftags&post=308"}],"curies":[{"name":"wp","href":"https:\/\/api.w.org\/{rel}","templated":true}]}}