{"id":30806,"date":"2022-08-22T12:39:04","date_gmt":"2022-08-22T17:39:04","guid":{"rendered":"https:\/\/encuentroinformativo.com.mx\/?p=30806"},"modified":"2022-08-22T12:39:09","modified_gmt":"2022-08-22T17:39:09","slug":"bloquean-carretera-reclaman-justicia-por-exalcalde-asesinado","status":"publish","type":"post","link":"https:\/\/encuentroinformativo.com.mx\/?p=30806","title":{"rendered":"Bloquean carretera, reclaman justicia por exalcalde asesinado"},"content":{"rendered":"\n<p><strong>Juan Arcos<\/strong><\/p>\n\n\n\n<p>Xalapa, Ver.- Decenas de pobladores protestaron y bloquearon la carretera federal Xalapa-Perote, a la altura del municipio de Rafael Lucio, para exigir justicia por el asesinato del exalcalde Jos\u00e9 Allan Libreros Alva.<\/p>\n\n\n\n<p>A las 11:40 horas, los quejosos tambi\u00e9n obstruyeron el acceso principal a Rafael Lucio, donde se encuentra el arco de bienvenida, a unos 15 kil\u00f3metros de la ciudad de Xalapa.<\/p>\n\n\n\n<p>El expresidente municipal de Rafael Lucio fue atacado a balazos la noche del martes 9 de agosto sobre la calle Del Desierto, cuando viajaba en su veh\u00edculo particular con direcci\u00f3n a su domicilio.<\/p>\n\n\n\n<p>Libreros Alva fue trasladado al Centro de Alta Especialidad (CAE) \u201cDoctor Rafael Lucio\u201d, que se encuentra en Xalapa, donde m\u00e1s adelante muri\u00f3 por la gravedad de las lesiones.<\/p>\n\n\n\n<p>Sus familiares y amigos se manifestaron en el centro de Xalapa el pasado 15 de agosto donde amagaron con bloquear carreteras para reclamar el esclarecimiento del caso y, al no recibir una respuesta favorable por parte de la Fiscal\u00eda General del Estado (FGE), cerraron la carretera casi al mediod\u00eda de este lunes.<\/p>\n\n\n\n<p>De acuerdo con Silvio Libreros, t\u00edo de la v\u00edctima, la gente est\u00e1 dispuesta a todo para que el crimen no quede impune, pues hasta el momento no hay avances en las investigaciones.<\/p>\n\n\n\n<p>\u201cQueremos justicia, que esto no quede impune. El pueblo est\u00e1 aqu\u00ed, queremos justicia, caiga quien caiga. Hoy queremos justicia\u201d, expres\u00f3.<\/p>\n\n\n\n<p>Cabe recordar que Leonel Libreros Mendoza, padre de Jos\u00e9 Allan, ha declarado que el presunto responsable del asesinato es el alcalde de Rafael Lucio Dami\u00e1n Hern\u00e1ndez, quien presuntamente hab\u00eda amenazado a su hijo.<\/p>\n\n\n\n<p>Sin embargo, en esta ocasi\u00f3n prefiri\u00f3 no dar entrevistas a los representantes de los medios de comunicaci\u00f3n, bajo el argumento de que solo dialogar\u00eda con autoridades estatales.<\/p>\n\n\n\n<p>Las personas amagaron con cerrar la importante v\u00eda de comunicaci\u00f3n hasta que sus demandas sean atendidas por el gobierno del estado.<\/p>\n\n\n\n<p>\u201cInvestiguen a Dami\u00e1n Hern\u00e1ndez. Exigimos justicia\u201d, se le\u00eda en algunas lonas que sostuvieron los pobladores de Rafael Lucio sobre la carretera Xalapa-Perote.<\/p>\n\n\n\n<figure class=\"wp-block-image size-large\"><img loading=\"lazy\" decoding=\"async\" width=\"1024\" height=\"768\" src=\"https:\/\/encuentroinformativo.com.mx\/wp-content\/uploads\/2022\/08\/CEB70AF7-3CEE-4039-A43C-E7A5643DA1F1-1024x768.jpeg\" alt=\"\" class=\"wp-image-30808\" srcset=\"https:\/\/encuentroinformativo.com.mx\/wp-content\/uploads\/2022\/08\/CEB70AF7-3CEE-4039-A43C-E7A5643DA1F1-1024x768.jpeg 1024w, https:\/\/encuentroinformativo.com.mx\/wp-content\/uploads\/2022\/08\/CEB70AF7-3CEE-4039-A43C-E7A5643DA1F1-300x225.jpeg 300w, https:\/\/encuentroinformativo.com.mx\/wp-content\/uploads\/2022\/08\/CEB70AF7-3CEE-4039-A43C-E7A5643DA1F1-768x576.jpeg 768w, https:\/\/encuentroinformativo.com.mx\/wp-content\/uploads\/2022\/08\/CEB70AF7-3CEE-4039-A43C-E7A5643DA1F1-1536x1152.jpeg 1536w, https:\/\/encuentroinformativo.com.mx\/wp-content\/uploads\/2022\/08\/CEB70AF7-3CEE-4039-A43C-E7A5643DA1F1.jpeg 2016w\" sizes=\"auto, (max-width: 1024px) 100vw, 1024px\" \/><\/figure>\n","protected":false},"excerpt":{"rendered":"<p>Juan Arcos Xalapa, Ver.- Decenas de pobladores protestaron y bloquearon la carretera federal Xalapa-Perote, a la altura del municipio de Rafael Lucio, para exigir justicia por el asesinato del exalcalde Jos\u00e9 Allan Libreros Alva. A las 11:40 horas, los quejosos tambi\u00e9n obstruyeron el acceso principal a Rafael Lucio, donde se encuentra el arco de bienvenida, [&hellip;]<\/p>\n","protected":false},"author":1,"featured_media":30807,"comment_status":"open","ping_status":"open","sticky":false,"template":"","format":"standard","meta":{"_jetpack_memberships_contains_paid_content":false,"footnotes":""},"categories":[8],"tags":[],"class_list":["post-30806","post","type-post","status-publish","format-standard","has-post-thumbnail","hentry","category-region"],"jetpack_featured_media_url":"https:\/\/encuentroinformativo.com.mx\/wp-content\/uploads\/2022\/08\/66E5BA1E-E6C5-4D2A-B111-E6C1CD34B3B1.jpeg","jetpack_sharing_enabled":true,"jetpack_likes_enabled":true,"amp_enabled":true,"_links":{"self":[{"href":"https:\/\/encuentroinformativo.com.mx\/index.php?rest_route=\/wp\/v2\/posts\/30806","targetHints":{"allow":["GET"]}}],"collection":[{"href":"https:\/\/encuentroinformativo.com.mx\/index.php?rest_route=\/wp\/v2\/posts"}],"about":[{"href":"https:\/\/encuentroinformativo.com.mx\/index.php?rest_route=\/wp\/v2\/types\/post"}],"author":[{"embeddable":true,"href":"https:\/\/encuentroinformativo.com.mx\/index.php?rest_route=\/wp\/v2\/users\/1"}],"replies":[{"embeddable":true,"href":"https:\/\/encuentroinformativo.com.mx\/index.php?rest_route=%2Fwp%2Fv2%2Fcomments&post=30806"}],"version-history":[{"count":1,"href":"https:\/\/encuentroinformativo.com.mx\/index.php?rest_route=\/wp\/v2\/posts\/30806\/revisions"}],"predecessor-version":[{"id":30809,"href":"https:\/\/encuentroinformativo.com.mx\/index.php?rest_route=\/wp\/v2\/posts\/30806\/revisions\/30809"}],"wp:featuredmedia":[{"embeddable":true,"href":"https:\/\/encuentroinformativo.com.mx\/index.php?rest_route=\/wp\/v2\/media\/30807"}],"wp:attachment":[{"href":"https:\/\/encuentroinformativo.com.mx\/index.php?rest_route=%2Fwp%2Fv2%2Fmedia&parent=30806"}],"wp:term":[{"taxonomy":"category","embeddable":true,"href":"https:\/\/encuentroinformativo.com.mx\/index.php?rest_route=%2Fwp%2Fv2%2Fcategories&post=30806"},{"taxonomy":"post_tag","embeddable":true,"href":"https:\/\/encuentroinformativo.com.mx\/index.php?rest_route=%2Fwp%2Fv2%2Ftags&post=30806"}],"curies":[{"name":"wp","href":"https:\/\/api.w.org\/{rel}","templated":true}]}}