{"id":30827,"date":"2022-08-22T16:26:26","date_gmt":"2022-08-22T21:26:26","guid":{"rendered":"https:\/\/encuentroinformativo.com.mx\/?p=30827"},"modified":"2022-08-22T16:26:29","modified_gmt":"2022-08-22T21:26:29","slug":"un-muerto-y-dos-heridos-tras-enfrentamiento-en-veracruz-puerto","status":"publish","type":"post","link":"https:\/\/encuentroinformativo.com.mx\/?p=30827","title":{"rendered":"Un muerto y dos heridos tras enfrentamiento en Veracruz Puerto"},"content":{"rendered":"\n<p><strong>Alejandro \u00c1vila<\/strong><\/p>\n\n\n\n<p><strong>Fotos: <\/strong>Sergio Aldazaba\/Cortes\u00eda<\/p>\n\n\n\n<p>Veracruz, Ver.- La tarde de este lunes se registr\u00f3 una intensa movilizaci\u00f3n en colonias de la zona poniente del municipio de Veracruz; el saldo tras un enfrentamiento entre elementos policiales y una presunta banda delictiva, fue de una persona asesinada, dos heridos que fueron detenidos y dos camionetas aseguradas.<\/p>\n\n\n\n<p>Los primeros reportes que llegaron al C5 a trav\u00e9s del n\u00famero de emergencias 911, fue sobre 2 personas presuntamente privadas de su libertad, por lo que se mont\u00f3 un operativo de rescate de las corporaciones policiales de Veracruz.<\/p>\n\n\n\n<p>Sobre la carretera federal 140, en el tramo Veracruz &#8211; Tamaca, fueron detectadas dos camionetas las cuales correspond\u00edan a las caracter\u00edsticas de las sospechosas, por lo que se inici\u00f3 la persecuci\u00f3n qu\u00e9 inici\u00f3 en la Central de Abastos y continu\u00f3 hasta el Eje Intercolonias.<\/p>\n\n\n\n<p>A pesar de que las dos camionetas fueron aseguradas por la Secretar\u00eda de Seguridad P\u00fablica, qui\u00e9nes las abordaban lograron darse a la fuga; aunque sobre la calle Circuito Prehisp\u00e1nico del fraccionamiento Siglo XXI, fue reportado y encontrado un hombre con herida de bala y ya fallecido, el cual habr\u00eda participado en la balacera contra la SSP.<\/p>\n\n\n\n<p>Posteriormente en la calle Emiliano Zapata esquina Palma Real, detr\u00e1s de Plaza Laguna, fue asegurada la segunda camioneta de la marca Chevrolet tipo Trax color negra que tambi\u00e9n estuvo involucrada.<\/p>\n\n\n\n<p>A unos metros en un terreno bald\u00edo lleno de maleza, los uniformados encontraron a una mujer con una herida de bala en la pierna, la cual supuestamente es otra m\u00e1s de esta aparente banda criminal.<\/p>\n\n\n\n<p>Param\u00e9dicos de la Cruz Roja llegaron para brindarle los primeros auxilios ya que ten\u00eda un proyectil en la pierna derecha, pero cuando era atendida se torn\u00f3 muy agresiva hacia los polic\u00edas y los brigadistas, pues incluso los amenaz\u00f3.<\/p>\n\n\n\n<p>Momentos despu\u00e9s, en la esquina de las calles L\u00f3pez Mateos y Lopez Arias, fue reportado un hombre que presentaba una herida de bala en el rostro, el cual fue atendido por las mismas corporaciones.<\/p>\n\n\n\n<p>La escena estuvo acordonada durante varios minutos mientras se realizaban las primeras indagatorias, adem\u00e1s de que ambos lesionados fueron llevados a hospitales bajo custodia policial, pues tendr\u00e1n que rendir cuentas por lo sucedido.<\/p>\n\n\n\n<figure class=\"wp-block-image size-large\"><img loading=\"lazy\" decoding=\"async\" width=\"1024\" height=\"768\" src=\"https:\/\/encuentroinformativo.com.mx\/wp-content\/uploads\/2022\/08\/EC4C2D69-5230-454B-9883-BDF807E70C75-1024x768.jpeg\" alt=\"\" class=\"wp-image-30829\" srcset=\"https:\/\/encuentroinformativo.com.mx\/wp-content\/uploads\/2022\/08\/EC4C2D69-5230-454B-9883-BDF807E70C75-1024x768.jpeg 1024w, https:\/\/encuentroinformativo.com.mx\/wp-content\/uploads\/2022\/08\/EC4C2D69-5230-454B-9883-BDF807E70C75-300x225.jpeg 300w, https:\/\/encuentroinformativo.com.mx\/wp-content\/uploads\/2022\/08\/EC4C2D69-5230-454B-9883-BDF807E70C75-768x576.jpeg 768w, https:\/\/encuentroinformativo.com.mx\/wp-content\/uploads\/2022\/08\/EC4C2D69-5230-454B-9883-BDF807E70C75-1536x1152.jpeg 1536w, https:\/\/encuentroinformativo.com.mx\/wp-content\/uploads\/2022\/08\/EC4C2D69-5230-454B-9883-BDF807E70C75.jpeg 1600w\" sizes=\"auto, (max-width: 1024px) 100vw, 1024px\" \/><\/figure>\n","protected":false},"excerpt":{"rendered":"<p>Alejandro \u00c1vila Fotos: Sergio Aldazaba\/Cortes\u00eda Veracruz, Ver.- La tarde de este lunes se registr\u00f3 una intensa movilizaci\u00f3n en colonias de la zona poniente del municipio de Veracruz; el saldo tras un enfrentamiento entre elementos policiales y una presunta banda delictiva, fue de una persona asesinada, dos heridos que fueron detenidos y dos camionetas aseguradas. Los [&hellip;]<\/p>\n","protected":false},"author":1,"featured_media":30828,"comment_status":"open","ping_status":"open","sticky":false,"template":"","format":"standard","meta":{"_jetpack_memberships_contains_paid_content":false,"footnotes":""},"categories":[14],"tags":[],"class_list":["post-30827","post","type-post","status-publish","format-standard","has-post-thumbnail","hentry","category-policiaca"],"jetpack_featured_media_url":"https:\/\/encuentroinformativo.com.mx\/wp-content\/uploads\/2022\/08\/E2609CE3-C41D-4EF7-8734-B91EA9F9FDB3.jpeg","jetpack_sharing_enabled":true,"jetpack_likes_enabled":true,"amp_enabled":true,"_links":{"self":[{"href":"https:\/\/encuentroinformativo.com.mx\/index.php?rest_route=\/wp\/v2\/posts\/30827","targetHints":{"allow":["GET"]}}],"collection":[{"href":"https:\/\/encuentroinformativo.com.mx\/index.php?rest_route=\/wp\/v2\/posts"}],"about":[{"href":"https:\/\/encuentroinformativo.com.mx\/index.php?rest_route=\/wp\/v2\/types\/post"}],"author":[{"embeddable":true,"href":"https:\/\/encuentroinformativo.com.mx\/index.php?rest_route=\/wp\/v2\/users\/1"}],"replies":[{"embeddable":true,"href":"https:\/\/encuentroinformativo.com.mx\/index.php?rest_route=%2Fwp%2Fv2%2Fcomments&post=30827"}],"version-history":[{"count":1,"href":"https:\/\/encuentroinformativo.com.mx\/index.php?rest_route=\/wp\/v2\/posts\/30827\/revisions"}],"predecessor-version":[{"id":30830,"href":"https:\/\/encuentroinformativo.com.mx\/index.php?rest_route=\/wp\/v2\/posts\/30827\/revisions\/30830"}],"wp:featuredmedia":[{"embeddable":true,"href":"https:\/\/encuentroinformativo.com.mx\/index.php?rest_route=\/wp\/v2\/media\/30828"}],"wp:attachment":[{"href":"https:\/\/encuentroinformativo.com.mx\/index.php?rest_route=%2Fwp%2Fv2%2Fmedia&parent=30827"}],"wp:term":[{"taxonomy":"category","embeddable":true,"href":"https:\/\/encuentroinformativo.com.mx\/index.php?rest_route=%2Fwp%2Fv2%2Fcategories&post=30827"},{"taxonomy":"post_tag","embeddable":true,"href":"https:\/\/encuentroinformativo.com.mx\/index.php?rest_route=%2Fwp%2Fv2%2Ftags&post=30827"}],"curies":[{"name":"wp","href":"https:\/\/api.w.org\/{rel}","templated":true}]}}