{"id":30834,"date":"2022-08-22T19:03:22","date_gmt":"2022-08-23T00:03:22","guid":{"rendered":"https:\/\/encuentroinformativo.com.mx\/?p=30834"},"modified":"2022-08-22T19:03:25","modified_gmt":"2022-08-23T00:03:25","slug":"reconoce-alcalde-jm-unanue-a-bomberos-conurbados-boca-del-rio-veracruz","status":"publish","type":"post","link":"https:\/\/encuentroinformativo.com.mx\/?p=30834","title":{"rendered":"Reconoce Alcalde JM Un\u00e1nue a Bomberos Conurbados Boca del R\u00edo-Veracruz"},"content":{"rendered":"\n<p><strong>*En particular para mi Gobierno, su presencia es s\u00edmbolo de calma cuando el desastre est\u00e1 presente, destac\u00f3.<\/strong><\/p>\n\n\n\n<p>Boca del R\u00edo, Ver.- El ayuntamiento de Boca del R\u00edo encabezado por el presidente municipal Juan Manuel de Un\u00e1nue Abascal, escribi\u00f3 una p\u00e1gina de oro en la historia del Honorable Cuerpo de Bomberos Conurbados Boca del R\u00edo \u2013 Veracruz, al dedicarle por primera vez en el palacio municipal una ceremonia conmemorativa por el D\u00eda del Bombero.<\/p>\n\n\n\n<p>Protocolo en donde se llev\u00f3 a cabo la entrega de reconocimientos e incentivos a elementos experimentados de esta noble instituci\u00f3n de asistencia social. Asimismo, entreg\u00f3 un reconocimiento especial al Presidente del Patronato del Honorable Cuerpo de Bomberos Conurbados, Antonio Chedraui Bolado, por su valor y compromiso que durante m\u00e1s de 40 a\u00f1os.<\/p>\n\n\n\n<p>\u201cEste reconocimiento es tambi\u00e9n para ustedes porque nunca bajaron la guardia durante los a\u00f1os que la pandemia detuvo al mundo, ya que estuvieron trabajando y arriesgando su integridad para cuidar la vida de las familias de la zona conurbada.<\/p>\n\n\n\n<p>\u201cAgradezco y reconozco particularmente el esfuerzo, trabajo, dedicaci\u00f3n y entrega del patronato que preside Antonio Chedraui Bolado, ya que gracias a su liderazgo y desempe\u00f1o hoy podemos contar con un cuerpo de elementos que arriesgan su vida misma para entender los incendios y eventualidades de riesgo\u201d, destac\u00f3 Un\u00e1nue Abascal.<\/p>\n\n\n\n<p>El presidente municipal hizo tambi\u00e9n la entrega de un cheque en apoyo al patronato de bomberos conurbados por 440 mil pesos, reconociendo que \u201cen particular para mi Gobierno, su presencia es s\u00edmbolo de calma cuando el desastre est\u00e1 presente\u201d.<\/p>\n\n\n\n<p>En su intervenci\u00f3n, Antonio Chedraui Bolado, presidente del Patronato del Honorable Cuerpo de Bomberos Conurbados resalt\u00f3 que este lunes fue un d\u00eda muy especial, debido a que por primera vez tienen un evento en la plaza c\u00edvica y en el palacio municipal de Boca del R\u00edo, desde la creaci\u00f3n de la corporaci\u00f3n que fue en 1979. Desde entonces, dijo, nunca hab\u00edan tenido en esta fecha una celebraci\u00f3n de bandera, lo cual agradeci\u00f3 a Juan Manuel de Un\u00e1nue Abascal.<\/p>\n\n\n\n<p>En dicho evento se entregaron 35 reconocimientos a param\u00e9dicos y bomberos que ten\u00edan desde 1 hasta 40 a\u00f1os de servicio, como sucedi\u00f3 con Fidel Coello Tepach y Francisco L\u00f3pez Carbajal, oficial de guardia y bombero respectivamente que cuentan ya con cuatro d\u00e9cadas de antig\u00fcedad en la corporaci\u00f3n.<\/p>\n\n\n\n<p>Entre los reconocidos estuvo el actual director de Protecci\u00f3n Civil del ayuntamiento boque\u00f1o, Jorge Roberto Rojas Hern\u00e1ndez, quien data de 10 a\u00f1os de servicio.<\/p>\n\n\n\n<p>Por \u00faltimo, el acalde Juan Manuel de Un\u00e1nue Abascal, dio a conocer que a\u00f1o con a\u00f1o durante su administraci\u00f3n regresa el bono econ\u00f3mico de 10 mil pesos como reconocimiento al gran valor que muestran los elementos anti incendios.<\/p>\n","protected":false},"excerpt":{"rendered":"<p>*En particular para mi Gobierno, su presencia es s\u00edmbolo de calma cuando el desastre est\u00e1 presente, destac\u00f3. Boca del R\u00edo, Ver.- El ayuntamiento de Boca del R\u00edo encabezado por el presidente municipal Juan Manuel de Un\u00e1nue Abascal, escribi\u00f3 una p\u00e1gina de oro en la historia del Honorable Cuerpo de Bomberos Conurbados Boca del R\u00edo \u2013 [&hellip;]<\/p>\n","protected":false},"author":1,"featured_media":30835,"comment_status":"open","ping_status":"open","sticky":false,"template":"","format":"standard","meta":{"_jetpack_memberships_contains_paid_content":false,"footnotes":""},"categories":[2],"tags":[],"class_list":["post-30834","post","type-post","status-publish","format-standard","has-post-thumbnail","hentry","category-estado"],"jetpack_featured_media_url":"https:\/\/encuentroinformativo.com.mx\/wp-content\/uploads\/2022\/08\/DE38E042-09C4-42C1-83C2-A1B11217470C.jpeg","jetpack_sharing_enabled":true,"jetpack_likes_enabled":true,"amp_enabled":true,"_links":{"self":[{"href":"https:\/\/encuentroinformativo.com.mx\/index.php?rest_route=\/wp\/v2\/posts\/30834","targetHints":{"allow":["GET"]}}],"collection":[{"href":"https:\/\/encuentroinformativo.com.mx\/index.php?rest_route=\/wp\/v2\/posts"}],"about":[{"href":"https:\/\/encuentroinformativo.com.mx\/index.php?rest_route=\/wp\/v2\/types\/post"}],"author":[{"embeddable":true,"href":"https:\/\/encuentroinformativo.com.mx\/index.php?rest_route=\/wp\/v2\/users\/1"}],"replies":[{"embeddable":true,"href":"https:\/\/encuentroinformativo.com.mx\/index.php?rest_route=%2Fwp%2Fv2%2Fcomments&post=30834"}],"version-history":[{"count":1,"href":"https:\/\/encuentroinformativo.com.mx\/index.php?rest_route=\/wp\/v2\/posts\/30834\/revisions"}],"predecessor-version":[{"id":30836,"href":"https:\/\/encuentroinformativo.com.mx\/index.php?rest_route=\/wp\/v2\/posts\/30834\/revisions\/30836"}],"wp:featuredmedia":[{"embeddable":true,"href":"https:\/\/encuentroinformativo.com.mx\/index.php?rest_route=\/wp\/v2\/media\/30835"}],"wp:attachment":[{"href":"https:\/\/encuentroinformativo.com.mx\/index.php?rest_route=%2Fwp%2Fv2%2Fmedia&parent=30834"}],"wp:term":[{"taxonomy":"category","embeddable":true,"href":"https:\/\/encuentroinformativo.com.mx\/index.php?rest_route=%2Fwp%2Fv2%2Fcategories&post=30834"},{"taxonomy":"post_tag","embeddable":true,"href":"https:\/\/encuentroinformativo.com.mx\/index.php?rest_route=%2Fwp%2Fv2%2Ftags&post=30834"}],"curies":[{"name":"wp","href":"https:\/\/api.w.org\/{rel}","templated":true}]}}