{"id":30837,"date":"2022-08-23T09:23:43","date_gmt":"2022-08-23T14:23:43","guid":{"rendered":"https:\/\/encuentroinformativo.com.mx\/?p=30837"},"modified":"2022-08-23T09:23:48","modified_gmt":"2022-08-23T14:23:48","slug":"arranca-julen","status":"publish","type":"post","link":"https:\/\/encuentroinformativo.com.mx\/?p=30837","title":{"rendered":"\u00a1Arranca Julen!"},"content":{"rendered":"\n<p><strong>Los Pol\u00edticos<\/strong><\/p>\n\n\n\n<p><strong>Salvador Mu\u00f1oz<\/strong><\/p>\n\n\n\n<p>Desde este pasado domingo, el senador Julen Rementer\u00eda del Puerto anuncia el inicio de lo que ser\u00e1 \u201csu precampa\u00f1a rumbo al 2024\u201d, por supuesto, investida \u00e9sta bajo la idea de buscar lo mejor para Veracruz \u00a1recorriendo el Estado!<\/p>\n\n\n\n<p>De cierto modo, como que se despabila, se sacude la modorra que durante \u00a1cuatro a\u00f1os! lo mantuvo de la Ciudad de M\u00e9xico al Puerto jarocho y de vez en cuando, con escala en Xalapa.<\/p>\n\n\n\n<p>En un video que subi\u00f3 a sus redes sociales, Julen dice \u201cHoy comienza una nueva era, un nuevo viaje, una nueva aventura, un nuevo recorrido por cada rinc\u00f3n de nuestra tierra, para construir, unificar, contrastar, sumar voluntades y enlazar nuestras causas en torno a esta nueva visi\u00f3n y misi\u00f3n para Veracruz\u201d&#8230; Hasta ya tiene el esquema de lo que quiere proyectar en esta nueva etapa que se enfila al 2024\u2026 nos quiere ense\u00f1ar sus \u201ceses\u201d&#8230; \u00a1sin H y sin C! Por supuesto, tambi\u00e9n en plural\u2026<\/p>\n\n\n\n<p>Habla de Salud, Seguridad y Solvencia econ\u00f3mica\u2026<\/p>\n\n\n\n<p>En su primera S, habla de que haya doctores y medicinas as\u00ed como fomentar el deporte\u2026 Se entiende la brevedad de su comentario porque es un video aunque creo que es claro el mensaje.<\/p>\n\n\n\n<p>En Seguridad es contundente: Vivir sin miedo; duro con las causas del crimen y m\u00e1s duro con los criminales; la pol\u00edtica de los abrazos fracas\u00f3.<\/p>\n\n\n\n<p>En Solvencia econ\u00f3mica, habla de empleos con buenos salarios; que al emprendedor le vaya bien; y dar la mano solidaria a quien m\u00e1s lo necesita con m\u00e1s programas sociales.<\/p>\n\n\n\n<p>Las intenciones de Julen al final, son buenas, como todas las promesas de los pol\u00edticos\u2026 \u00a1vamos! hasta podemos decir que est\u00e1 en tiempo de recuperar el tiempo perdido (cuatro a\u00f1otes) sin que recorriera el Estado\u2026<\/p>\n\n\n\n<p>Se entiende que no es su papel como Senador andar de la Ceca a la Meca por la entidad que dicho sea de paso, no es cualquier estado\u2026<\/p>\n\n\n\n<p>Y si se habla de recuperar el tiempo no es en funci\u00f3n de que los morenos le hayan comido el mandado o alguno que otro del PRI\u2026 no\u2026 tantos los suspirantes de su partido como aliados y de la oposici\u00f3n tienen un ligero error de enfoque al pararse en el estado\u2026 piensan que el centro de la entidad es Xalapa o Veracruz\u2026 si acaso se paran en otro punto es porque de seguro, all\u00ed nacieron o all\u00ed se asentaron, como Roc\u00edo Nahle en Coatzacoalcos.<\/p>\n\n\n\n<p>La ventaja de Julen y Pepe Yunes, por citar a los de la oposici\u00f3n y quienes han declarado sus pretensiones de competir este 2024 por la Gubernatura de Veracruz, es que llevan a\u00f1os en esto de la pol\u00edtica y creen saber de los tiempos\u2026 bueno, es cuesti\u00f3n de estilos\u2026 ah\u00ed tienen a los morenos que pareciera que todo el tiempo, todo el a\u00f1o, todos los meses, cada semana, todos los d\u00edas, est\u00e1n en campa\u00f1a\u2026 s\u00f3lo vean a Zenyazen Escobar, el mismo Bola 8, Juan Javier G\u00f3mez Cazar\u00edn\u2026 \u00a1no han parado salvo porque uno, meti\u00f3 la pata pero ah\u00ed andaba en muletas! \u00a1Otro, se cay\u00f3 del helic\u00f3ptero, pero una vez que se pudo poner de pie, sigui\u00f3 rodando! \u00a1Y al Car\u00f3n, no le alcanza Veracruz, porque bien ya anda en Tabasco o Tamaulipas, que tambi\u00e9n en la Ciudad de M\u00e9xico!<\/p>\n\n\n\n<p>\u00a1Vamos! Pareciera que los \u201ccorcholatos\u201d son ellos y no Nahle, quien al igual que Julen, sigue viendo como el ombligo de la entidad a la zona conurbada Veracruz-Boca del R\u00edo, y ah\u00ed nom\u00e1s se aparece\u2026<\/p>\n\n\n\n<p>Como sea, qu\u00e9 bueno que Julen se despabil\u00f3, qu\u00e9 bueno que cort\u00f3 el cord\u00f3n umbilical que lo amarraba en la Ciudad de M\u00e9xico y no lo dejaba despegar del Puerto jarocho\u2026<\/p>\n\n\n\n<p>Est\u00e1 en tiempo de recorrer si quiere, los 212 municipios\u2026 falta ver si le da tiempo de generar la qu\u00edmica con el pueblo, con la raza, con los de a pie, que son los m\u00e1s que Julen requiere, pero que en cuatro a\u00f1os, fueron de los que menos se preocup\u00f3\u2026<\/p>\n\n\n\n<p><a href=\"mailto:smcainito@gmail.com\" target=\"_blank\" rel=\"noreferrer noopener\">smcainito@gmail.com<\/a><\/p>\n","protected":false},"excerpt":{"rendered":"<p>Los Pol\u00edticos Salvador Mu\u00f1oz Desde este pasado domingo, el senador Julen Rementer\u00eda del Puerto anuncia el inicio de lo que ser\u00e1 \u201csu precampa\u00f1a rumbo al 2024\u201d, por supuesto, investida \u00e9sta bajo la idea de buscar lo mejor para Veracruz \u00a1recorriendo el Estado! De cierto modo, como que se despabila, se sacude la modorra que durante [&hellip;]<\/p>\n","protected":false},"author":1,"featured_media":387,"comment_status":"open","ping_status":"open","sticky":false,"template":"","format":"standard","meta":{"_jetpack_memberships_contains_paid_content":false,"footnotes":""},"categories":[11],"tags":[],"class_list":["post-30837","post","type-post","status-publish","format-standard","has-post-thumbnail","hentry","category-opinion"],"jetpack_featured_media_url":"https:\/\/encuentroinformativo.com.mx\/wp-content\/uploads\/2020\/03\/7CF8A22B-2764-47BE-8F7F-38FE9E5D6A2F.jpeg","jetpack_sharing_enabled":true,"jetpack_likes_enabled":true,"amp_enabled":true,"_links":{"self":[{"href":"https:\/\/encuentroinformativo.com.mx\/index.php?rest_route=\/wp\/v2\/posts\/30837","targetHints":{"allow":["GET"]}}],"collection":[{"href":"https:\/\/encuentroinformativo.com.mx\/index.php?rest_route=\/wp\/v2\/posts"}],"about":[{"href":"https:\/\/encuentroinformativo.com.mx\/index.php?rest_route=\/wp\/v2\/types\/post"}],"author":[{"embeddable":true,"href":"https:\/\/encuentroinformativo.com.mx\/index.php?rest_route=\/wp\/v2\/users\/1"}],"replies":[{"embeddable":true,"href":"https:\/\/encuentroinformativo.com.mx\/index.php?rest_route=%2Fwp%2Fv2%2Fcomments&post=30837"}],"version-history":[{"count":1,"href":"https:\/\/encuentroinformativo.com.mx\/index.php?rest_route=\/wp\/v2\/posts\/30837\/revisions"}],"predecessor-version":[{"id":30838,"href":"https:\/\/encuentroinformativo.com.mx\/index.php?rest_route=\/wp\/v2\/posts\/30837\/revisions\/30838"}],"wp:featuredmedia":[{"embeddable":true,"href":"https:\/\/encuentroinformativo.com.mx\/index.php?rest_route=\/wp\/v2\/media\/387"}],"wp:attachment":[{"href":"https:\/\/encuentroinformativo.com.mx\/index.php?rest_route=%2Fwp%2Fv2%2Fmedia&parent=30837"}],"wp:term":[{"taxonomy":"category","embeddable":true,"href":"https:\/\/encuentroinformativo.com.mx\/index.php?rest_route=%2Fwp%2Fv2%2Fcategories&post=30837"},{"taxonomy":"post_tag","embeddable":true,"href":"https:\/\/encuentroinformativo.com.mx\/index.php?rest_route=%2Fwp%2Fv2%2Ftags&post=30837"}],"curies":[{"name":"wp","href":"https:\/\/api.w.org\/{rel}","templated":true}]}}