{"id":30839,"date":"2022-08-23T10:19:32","date_gmt":"2022-08-23T15:19:32","guid":{"rendered":"https:\/\/encuentroinformativo.com.mx\/?p=30839"},"modified":"2022-08-23T10:19:35","modified_gmt":"2022-08-23T15:19:35","slug":"ley-montse-sera-una-realidad-anilu-ingram","status":"publish","type":"post","link":"https:\/\/encuentroinformativo.com.mx\/?p=30839","title":{"rendered":"Ley Montse ser\u00e1 una realidad: Anil\u00fa Ingram"},"content":{"rendered":"\n<p><strong>Alejandro \u00c1vila<\/strong><\/p>\n\n\n\n<p>Boca del R\u00edo, Ver.- Tras un consenso con el resto de las bancadas del Congreso de Veracruz, la Ley Monse ser\u00e1 una realidad en las pr\u00f3ximas semanas, asegur\u00f3 la diputada local, Anil\u00fa Ingram Vallines.<\/p>\n\n\n\n<p>La legisladora priista lament\u00f3 los hechos ocurridos con Montserrat Bendimes el 17 de abril del 2021; sin embargo, asegur\u00f3 que era necesario adecuar la ley a la realidad que se est\u00e1 viviendo en Veracruz.<\/p>\n\n\n\n<p>&#8220;Se va a dictaminar ya en las pr\u00f3ximas semanas la Ley Monse, y yo quiero reconocer al presidente de la Junta de Coordinaci\u00f3n Pol\u00edtica, al diputado Cazar\u00edn, qui\u00e9n ha mostrado gran inter\u00e9s en la Ley Montse, as\u00ed como en otros temas que tienen que ver con la agenda de las mujeres, y que hemos estado y que seguiremos impulsando desde Congreso de Veracruz, y que en breve ser\u00e1 dictaminada. Hemos platicado con muchas compa\u00f1eras de un Morena y hemos coincidido en la importancia del inter\u00e9s com\u00fan de coincidir, de actuar con altura de miras, y sobre todo con gran responsabilidad en lo que respecta a las facultades como legisladoras y como legisladores&#8221;, apunt\u00f3.<\/p>\n\n\n\n<p>Ingram Vallines dijo que posterior a la dictaminaci\u00f3n, estar\u00e1n esperando el an\u00e1lisis que se tendr\u00e1 al interior de la Comisi\u00f3n de Justicia y Puntos Constitucionales, para despu\u00e9s ir a un per\u00edodo extraordinario o en su caso al inicio del per\u00edodo ordinario en noviembre pr\u00f3ximo, para que queda probada de manera definitiva.<\/p>\n\n\n\n<p>&#8220;Pero la Ley Montse ser\u00e1 una realidad en Veracruz, gracias a est\u00e1 responsabilidad que debemos de asumir la legisladoras, los legisladores, entender que esta situaci\u00f3n no lleva colores, no lleva banderas, no lleva partidos pol\u00edticos&#8221;, agreg\u00f3.<\/p>\n\n\n\n<p>Finalmente, Anil\u00fa Ingram dijo que Veracruz se convertir\u00e1 en el primer estado de la rep\u00fablica, qui\u00e9n condene a toda persona que encubre a un feminicida o a un delincuente.<\/p>\n","protected":false},"excerpt":{"rendered":"<p>Alejandro \u00c1vila Boca del R\u00edo, Ver.- Tras un consenso con el resto de las bancadas del Congreso de Veracruz, la Ley Monse ser\u00e1 una realidad en las pr\u00f3ximas semanas, asegur\u00f3 la diputada local, Anil\u00fa Ingram Vallines. La legisladora priista lament\u00f3 los hechos ocurridos con Montserrat Bendimes el 17 de abril del 2021; sin embargo, asegur\u00f3 [&hellip;]<\/p>\n","protected":false},"author":1,"featured_media":30840,"comment_status":"open","ping_status":"open","sticky":false,"template":"","format":"standard","meta":{"_jetpack_memberships_contains_paid_content":false,"footnotes":""},"categories":[2],"tags":[],"class_list":["post-30839","post","type-post","status-publish","format-standard","has-post-thumbnail","hentry","category-estado"],"jetpack_featured_media_url":"https:\/\/encuentroinformativo.com.mx\/wp-content\/uploads\/2022\/08\/27401AA2-F0FE-414D-AC10-AD4BAEEECA75.jpeg","jetpack_sharing_enabled":true,"jetpack_likes_enabled":true,"amp_enabled":true,"_links":{"self":[{"href":"https:\/\/encuentroinformativo.com.mx\/index.php?rest_route=\/wp\/v2\/posts\/30839","targetHints":{"allow":["GET"]}}],"collection":[{"href":"https:\/\/encuentroinformativo.com.mx\/index.php?rest_route=\/wp\/v2\/posts"}],"about":[{"href":"https:\/\/encuentroinformativo.com.mx\/index.php?rest_route=\/wp\/v2\/types\/post"}],"author":[{"embeddable":true,"href":"https:\/\/encuentroinformativo.com.mx\/index.php?rest_route=\/wp\/v2\/users\/1"}],"replies":[{"embeddable":true,"href":"https:\/\/encuentroinformativo.com.mx\/index.php?rest_route=%2Fwp%2Fv2%2Fcomments&post=30839"}],"version-history":[{"count":1,"href":"https:\/\/encuentroinformativo.com.mx\/index.php?rest_route=\/wp\/v2\/posts\/30839\/revisions"}],"predecessor-version":[{"id":30841,"href":"https:\/\/encuentroinformativo.com.mx\/index.php?rest_route=\/wp\/v2\/posts\/30839\/revisions\/30841"}],"wp:featuredmedia":[{"embeddable":true,"href":"https:\/\/encuentroinformativo.com.mx\/index.php?rest_route=\/wp\/v2\/media\/30840"}],"wp:attachment":[{"href":"https:\/\/encuentroinformativo.com.mx\/index.php?rest_route=%2Fwp%2Fv2%2Fmedia&parent=30839"}],"wp:term":[{"taxonomy":"category","embeddable":true,"href":"https:\/\/encuentroinformativo.com.mx\/index.php?rest_route=%2Fwp%2Fv2%2Fcategories&post=30839"},{"taxonomy":"post_tag","embeddable":true,"href":"https:\/\/encuentroinformativo.com.mx\/index.php?rest_route=%2Fwp%2Fv2%2Ftags&post=30839"}],"curies":[{"name":"wp","href":"https:\/\/api.w.org\/{rel}","templated":true}]}}