{"id":30846,"date":"2022-08-23T12:06:47","date_gmt":"2022-08-23T17:06:47","guid":{"rendered":"https:\/\/encuentroinformativo.com.mx\/?p=30846"},"modified":"2022-08-23T12:06:51","modified_gmt":"2022-08-23T17:06:51","slug":"michou-y-mau-dara-talleres-a-escuelas-de-veracruz-puerto","status":"publish","type":"post","link":"https:\/\/encuentroinformativo.com.mx\/?p=30846","title":{"rendered":"Michou y Mau dar\u00e1 talleres a escuelas de Veracruz Puerto"},"content":{"rendered":"\n<p><strong>Alejandro \u00c1vila<\/strong><\/p>\n\n\n\n<p>Veracruz, Ver.- El Ayuntamiento de Veracruz firm\u00f3 un convenio de colaboraci\u00f3n con la Fundaci\u00f3n <em>Michou y Mau<\/em>, para que un Cami\u00f3n Museo de talleres sobre quemaduras en las escuelas del municipio.<\/p>\n\n\n\n<p>La tarde de este lunes el Cabildo Porte\u00f1o aprob\u00f3 por mayor\u00eda el convenio de colaboraci\u00f3n; los talleres iniciar\u00e1n el mes de septiembre y se extender\u00e1 hasta el mes de diciembre.<\/p>\n\n\n\n<p>&#8220;Este museo va dando pl\u00e1ticas y talleres alrededor de varias escuelas con la campa\u00f1a &#8216;No Te Quemes&#8217;. Llega el cami\u00f3n en los pr\u00f3ximos d\u00edas y estar\u00e1 desde el primero de septiembre hasta el 31 de diciembre&#8221;, mencion\u00f3 Belem Palmeros Exsome, regidora del Ayuntamiento de Veracruz.<\/p>\n\n\n\n<p>La Fundaci\u00f3n Michou y Mau presidida por Virginia Sendel se ha encargado durante varios a\u00f1os de dar pl\u00e1ticas para hacer conciencia sobre los accidentes por quemadura; de la misma manera, brinda apoyo para ni\u00f1os que sufren quemaduras y necesitan ser hospitalizados.<\/p>\n\n\n\n<p>En Veracruz la Fundaci\u00f3n es presidida por Bel\u00e9n Palmeros Exsome, qui\u00e9n tambi\u00e9n es regidora del Ayuntamiento de Veracruz, y la cual ha sido el v\u00ednculo para brindar atenci\u00f3n a ni\u00f1os quemados, e incluso han sido llevados a los Estados Unidos para su tratamiento.<\/p>\n","protected":false},"excerpt":{"rendered":"<p>Alejandro \u00c1vila Veracruz, Ver.- El Ayuntamiento de Veracruz firm\u00f3 un convenio de colaboraci\u00f3n con la Fundaci\u00f3n Michou y Mau, para que un Cami\u00f3n Museo de talleres sobre quemaduras en las escuelas del municipio. La tarde de este lunes el Cabildo Porte\u00f1o aprob\u00f3 por mayor\u00eda el convenio de colaboraci\u00f3n; los talleres iniciar\u00e1n el mes de septiembre [&hellip;]<\/p>\n","protected":false},"author":1,"featured_media":30847,"comment_status":"open","ping_status":"open","sticky":false,"template":"","format":"standard","meta":{"_jetpack_memberships_contains_paid_content":false,"footnotes":""},"categories":[2],"tags":[],"class_list":["post-30846","post","type-post","status-publish","format-standard","has-post-thumbnail","hentry","category-estado"],"jetpack_featured_media_url":"https:\/\/encuentroinformativo.com.mx\/wp-content\/uploads\/2022\/08\/EEFC4A0C-5D62-4954-A545-E1887CAE28CD.jpeg","jetpack_sharing_enabled":true,"jetpack_likes_enabled":true,"amp_enabled":true,"_links":{"self":[{"href":"https:\/\/encuentroinformativo.com.mx\/index.php?rest_route=\/wp\/v2\/posts\/30846","targetHints":{"allow":["GET"]}}],"collection":[{"href":"https:\/\/encuentroinformativo.com.mx\/index.php?rest_route=\/wp\/v2\/posts"}],"about":[{"href":"https:\/\/encuentroinformativo.com.mx\/index.php?rest_route=\/wp\/v2\/types\/post"}],"author":[{"embeddable":true,"href":"https:\/\/encuentroinformativo.com.mx\/index.php?rest_route=\/wp\/v2\/users\/1"}],"replies":[{"embeddable":true,"href":"https:\/\/encuentroinformativo.com.mx\/index.php?rest_route=%2Fwp%2Fv2%2Fcomments&post=30846"}],"version-history":[{"count":1,"href":"https:\/\/encuentroinformativo.com.mx\/index.php?rest_route=\/wp\/v2\/posts\/30846\/revisions"}],"predecessor-version":[{"id":30848,"href":"https:\/\/encuentroinformativo.com.mx\/index.php?rest_route=\/wp\/v2\/posts\/30846\/revisions\/30848"}],"wp:featuredmedia":[{"embeddable":true,"href":"https:\/\/encuentroinformativo.com.mx\/index.php?rest_route=\/wp\/v2\/media\/30847"}],"wp:attachment":[{"href":"https:\/\/encuentroinformativo.com.mx\/index.php?rest_route=%2Fwp%2Fv2%2Fmedia&parent=30846"}],"wp:term":[{"taxonomy":"category","embeddable":true,"href":"https:\/\/encuentroinformativo.com.mx\/index.php?rest_route=%2Fwp%2Fv2%2Fcategories&post=30846"},{"taxonomy":"post_tag","embeddable":true,"href":"https:\/\/encuentroinformativo.com.mx\/index.php?rest_route=%2Fwp%2Fv2%2Ftags&post=30846"}],"curies":[{"name":"wp","href":"https:\/\/api.w.org\/{rel}","templated":true}]}}