{"id":30865,"date":"2022-08-23T16:40:04","date_gmt":"2022-08-23T21:40:04","guid":{"rendered":"https:\/\/encuentroinformativo.com.mx\/?p=30865"},"modified":"2022-08-23T16:40:08","modified_gmt":"2022-08-23T21:40:08","slug":"nuevas-reglas-para-bares-billares-y-cantinas-en-alvarado","status":"publish","type":"post","link":"https:\/\/encuentroinformativo.com.mx\/?p=30865","title":{"rendered":"Nuevas reglas para bares, billares y cantinas, en Alvarado"},"content":{"rendered":"\n<p><strong>Alejandro \u00c1vila<\/strong><\/p>\n\n\n\n<p>Alvarado, Ver.- El pasado s\u00e1bado 20 de agosto el Ayuntamiento de Alvarado lanz\u00f3 un comunicado con las nuevas disposiciones que tendr\u00e1n que cumplir los bares, billares, cantinas y discotecas, del municipio de Alvarado.<\/p>\n\n\n\n<p>En dicho comunicado se aclar\u00f3 que, previamente se sostuvo una reuni\u00f3n con los due\u00f1os de los establecimientos nocturnos, qui\u00e9nes aceptaron cumplir el art\u00edculo 68 del Bando de Polic\u00eda y Buen Gobierno.<\/p>\n\n\n\n<p>En este se especifica que de los d\u00edas viernes a domingo, el horario en qu\u00e9 podr\u00e1n laborar ser\u00e1 de las 21 horas a las 2 de la ma\u00f1ana del d\u00eda siguiente; en algunos casos podr\u00e1n obtener una extensi\u00f3n de 2 horas, siempre y cuando hagan una solicitud al Ayuntamiento, y se haga un pago correspondiente al municipio.<\/p>\n\n\n\n<p>De la misma manera, se informa que queda estrictamente prohibido alterar el orden p\u00fablico con aparatos fijos, semifijos y m\u00f3viles con volumen elevado, incluyendo aquellos qu\u00e9 se encuentran dentro de los autom\u00f3viles.<\/p>\n\n\n\n<p>De la misma manera, se anunci\u00f3 a la ciudadan\u00eda en general que, queda prohibido ingerir bebidas alcoh\u00f3licas en la v\u00eda p\u00fablica; por lo que de esta manera, se le negara la estancia a los ciudadanos para beber alcohol en el bulevar &#8220;Gabriel Carballo&#8221;.<\/p>\n\n\n\n<p>Todo aquel que rompa las reglas qu\u00e9 marca el Bando de Polic\u00eda y Buen Gobierno ser\u00e1 acreedor a una sanci\u00f3n econ\u00f3mica, o en su defecto, una posible detenci\u00f3n por parte de la Polic\u00eda Municipal.<\/p>\n\n\n\n<figure class=\"wp-block-image size-large\"><img loading=\"lazy\" decoding=\"async\" width=\"724\" height=\"1024\" src=\"https:\/\/encuentroinformativo.com.mx\/wp-content\/uploads\/2022\/08\/8CB38DA3-975A-4143-9A83-DE7ACBD7848D-724x1024.jpeg\" alt=\"\" class=\"wp-image-30866\" srcset=\"https:\/\/encuentroinformativo.com.mx\/wp-content\/uploads\/2022\/08\/8CB38DA3-975A-4143-9A83-DE7ACBD7848D-724x1024.jpeg 724w, https:\/\/encuentroinformativo.com.mx\/wp-content\/uploads\/2022\/08\/8CB38DA3-975A-4143-9A83-DE7ACBD7848D-212x300.jpeg 212w, https:\/\/encuentroinformativo.com.mx\/wp-content\/uploads\/2022\/08\/8CB38DA3-975A-4143-9A83-DE7ACBD7848D-768x1087.jpeg 768w, https:\/\/encuentroinformativo.com.mx\/wp-content\/uploads\/2022\/08\/8CB38DA3-975A-4143-9A83-DE7ACBD7848D.jpeg 1080w\" sizes=\"auto, (max-width: 724px) 100vw, 724px\" \/><\/figure>\n","protected":false},"excerpt":{"rendered":"<p>Alejandro \u00c1vila Alvarado, Ver.- El pasado s\u00e1bado 20 de agosto el Ayuntamiento de Alvarado lanz\u00f3 un comunicado con las nuevas disposiciones que tendr\u00e1n que cumplir los bares, billares, cantinas y discotecas, del municipio de Alvarado. En dicho comunicado se aclar\u00f3 que, previamente se sostuvo una reuni\u00f3n con los due\u00f1os de los establecimientos nocturnos, qui\u00e9nes aceptaron [&hellip;]<\/p>\n","protected":false},"author":1,"featured_media":30866,"comment_status":"open","ping_status":"open","sticky":false,"template":"","format":"standard","meta":{"_jetpack_memberships_contains_paid_content":false,"footnotes":""},"categories":[2],"tags":[],"class_list":["post-30865","post","type-post","status-publish","format-standard","has-post-thumbnail","hentry","category-estado"],"jetpack_featured_media_url":"https:\/\/encuentroinformativo.com.mx\/wp-content\/uploads\/2022\/08\/8CB38DA3-975A-4143-9A83-DE7ACBD7848D.jpeg","jetpack_sharing_enabled":true,"jetpack_likes_enabled":true,"amp_enabled":true,"_links":{"self":[{"href":"https:\/\/encuentroinformativo.com.mx\/index.php?rest_route=\/wp\/v2\/posts\/30865","targetHints":{"allow":["GET"]}}],"collection":[{"href":"https:\/\/encuentroinformativo.com.mx\/index.php?rest_route=\/wp\/v2\/posts"}],"about":[{"href":"https:\/\/encuentroinformativo.com.mx\/index.php?rest_route=\/wp\/v2\/types\/post"}],"author":[{"embeddable":true,"href":"https:\/\/encuentroinformativo.com.mx\/index.php?rest_route=\/wp\/v2\/users\/1"}],"replies":[{"embeddable":true,"href":"https:\/\/encuentroinformativo.com.mx\/index.php?rest_route=%2Fwp%2Fv2%2Fcomments&post=30865"}],"version-history":[{"count":1,"href":"https:\/\/encuentroinformativo.com.mx\/index.php?rest_route=\/wp\/v2\/posts\/30865\/revisions"}],"predecessor-version":[{"id":30867,"href":"https:\/\/encuentroinformativo.com.mx\/index.php?rest_route=\/wp\/v2\/posts\/30865\/revisions\/30867"}],"wp:featuredmedia":[{"embeddable":true,"href":"https:\/\/encuentroinformativo.com.mx\/index.php?rest_route=\/wp\/v2\/media\/30866"}],"wp:attachment":[{"href":"https:\/\/encuentroinformativo.com.mx\/index.php?rest_route=%2Fwp%2Fv2%2Fmedia&parent=30865"}],"wp:term":[{"taxonomy":"category","embeddable":true,"href":"https:\/\/encuentroinformativo.com.mx\/index.php?rest_route=%2Fwp%2Fv2%2Fcategories&post=30865"},{"taxonomy":"post_tag","embeddable":true,"href":"https:\/\/encuentroinformativo.com.mx\/index.php?rest_route=%2Fwp%2Fv2%2Ftags&post=30865"}],"curies":[{"name":"wp","href":"https:\/\/api.w.org\/{rel}","templated":true}]}}