{"id":30872,"date":"2022-08-23T19:06:08","date_gmt":"2022-08-24T00:06:08","guid":{"rendered":"https:\/\/encuentroinformativo.com.mx\/?p=30872"},"modified":"2022-08-23T19:06:11","modified_gmt":"2022-08-24T00:06:11","slug":"realiza-alcalde-jm-unanue-la-tercera-entrega-de-aparatos-funcionales","status":"publish","type":"post","link":"https:\/\/encuentroinformativo.com.mx\/?p=30872","title":{"rendered":"Realiza Alcalde JM Un\u00e1nue la tercera entrega de aparatos funcionales"},"content":{"rendered":"\n<p><strong>*Es importante atender las necesidades de la poblaci\u00f3n vulnerable, sobre todo si esto significa mejorar su calidad de vida, destac\u00f3.<\/strong><\/p>\n\n\n\n<p>Boca del R\u00edo, Ver.- Este martes el alcalde de Boca del R\u00edo, Juan Manuel Un\u00e1nue y la presidenta del DIF municipal, Melina Rivera de Un\u00e1nue, realizaron la tercera entrega de aparatos funcionales a ciudadanos boque\u00f1os con discapacidad.<\/p>\n\n\n\n<p>En el auditorio de la unidad deportiva Hugo S\u00e1nchez, se llev\u00f3 a cabo la entrega de sillas de ruedas, bastones, andaderas y muletas a boque\u00f1as y boque\u00f1os que se hab\u00edan acercado al DIF municipal.<\/p>\n\n\n\n<p>El alcalde Juan Manuel Un\u00e1nue destac\u00f3 que para su gobierno, es importante atender las necesidades de la poblaci\u00f3n vulnerable, sobre todo si esto significa mejorar su calidad de vida.<\/p>\n\n\n\n<p>&#8220;En estos m\u00e1s de seis meses la directora junto con la presidenta y el equipo del DIF han hecho grandes cosas y sin duda alguna, de las m\u00e1s importantes han sido las entregas de aparatos funcionales&#8221;.<\/p>\n\n\n\n<p>Por su parte, la presidenta del DIF municipal, Melina Rivera de Un\u00e1nue, resalt\u00f3 la importancia de otorgar este tipo de apoyos, pues no s\u00f3lo se beneficia a la persona que utiliza el aparato funcional, sino tambi\u00e9n a sus familiares.<\/p>\n\n\n\n<p>&#8220;Sabemos lo que significa para cada uno de ustedes contar con una silla de ruedas o una andadera, lo digo porque mi esposo tiene ya muchos a\u00f1os realizando esta labor, por eso quiero reconocer el trabajo de su administraci\u00f3n&#8221; .<\/p>\n\n\n\n<p>Finalmente, el alcalde agradeci\u00f3 la confianza que los ciudadanos han depositado en su gobierno municipal y asegur\u00f3 que continuar\u00e1 trabajando en beneficio de quienes m\u00e1s lo necesitan.<\/p>\n\n\n\n<figure class=\"wp-block-image size-large\"><img loading=\"lazy\" decoding=\"async\" width=\"1024\" height=\"684\" src=\"https:\/\/encuentroinformativo.com.mx\/wp-content\/uploads\/2022\/08\/70FF6079-62C9-4A54-93B1-F14B240C0018-1024x684.jpeg\" alt=\"\" class=\"wp-image-30874\" srcset=\"https:\/\/encuentroinformativo.com.mx\/wp-content\/uploads\/2022\/08\/70FF6079-62C9-4A54-93B1-F14B240C0018-1024x684.jpeg 1024w, https:\/\/encuentroinformativo.com.mx\/wp-content\/uploads\/2022\/08\/70FF6079-62C9-4A54-93B1-F14B240C0018-300x200.jpeg 300w, https:\/\/encuentroinformativo.com.mx\/wp-content\/uploads\/2022\/08\/70FF6079-62C9-4A54-93B1-F14B240C0018-768x513.jpeg 768w, https:\/\/encuentroinformativo.com.mx\/wp-content\/uploads\/2022\/08\/70FF6079-62C9-4A54-93B1-F14B240C0018.jpeg 1280w\" sizes=\"auto, (max-width: 1024px) 100vw, 1024px\" \/><\/figure>\n","protected":false},"excerpt":{"rendered":"<p>*Es importante atender las necesidades de la poblaci\u00f3n vulnerable, sobre todo si esto significa mejorar su calidad de vida, destac\u00f3. Boca del R\u00edo, Ver.- Este martes el alcalde de Boca del R\u00edo, Juan Manuel Un\u00e1nue y la presidenta del DIF municipal, Melina Rivera de Un\u00e1nue, realizaron la tercera entrega de aparatos funcionales a ciudadanos boque\u00f1os [&hellip;]<\/p>\n","protected":false},"author":1,"featured_media":30873,"comment_status":"open","ping_status":"open","sticky":false,"template":"","format":"standard","meta":{"_jetpack_memberships_contains_paid_content":false,"footnotes":""},"categories":[2],"tags":[],"class_list":["post-30872","post","type-post","status-publish","format-standard","has-post-thumbnail","hentry","category-estado"],"jetpack_featured_media_url":"https:\/\/encuentroinformativo.com.mx\/wp-content\/uploads\/2022\/08\/B71BD7B4-75C1-456D-B668-973BF7915FDE.jpeg","jetpack_sharing_enabled":true,"jetpack_likes_enabled":true,"amp_enabled":true,"_links":{"self":[{"href":"https:\/\/encuentroinformativo.com.mx\/index.php?rest_route=\/wp\/v2\/posts\/30872","targetHints":{"allow":["GET"]}}],"collection":[{"href":"https:\/\/encuentroinformativo.com.mx\/index.php?rest_route=\/wp\/v2\/posts"}],"about":[{"href":"https:\/\/encuentroinformativo.com.mx\/index.php?rest_route=\/wp\/v2\/types\/post"}],"author":[{"embeddable":true,"href":"https:\/\/encuentroinformativo.com.mx\/index.php?rest_route=\/wp\/v2\/users\/1"}],"replies":[{"embeddable":true,"href":"https:\/\/encuentroinformativo.com.mx\/index.php?rest_route=%2Fwp%2Fv2%2Fcomments&post=30872"}],"version-history":[{"count":1,"href":"https:\/\/encuentroinformativo.com.mx\/index.php?rest_route=\/wp\/v2\/posts\/30872\/revisions"}],"predecessor-version":[{"id":30875,"href":"https:\/\/encuentroinformativo.com.mx\/index.php?rest_route=\/wp\/v2\/posts\/30872\/revisions\/30875"}],"wp:featuredmedia":[{"embeddable":true,"href":"https:\/\/encuentroinformativo.com.mx\/index.php?rest_route=\/wp\/v2\/media\/30873"}],"wp:attachment":[{"href":"https:\/\/encuentroinformativo.com.mx\/index.php?rest_route=%2Fwp%2Fv2%2Fmedia&parent=30872"}],"wp:term":[{"taxonomy":"category","embeddable":true,"href":"https:\/\/encuentroinformativo.com.mx\/index.php?rest_route=%2Fwp%2Fv2%2Fcategories&post=30872"},{"taxonomy":"post_tag","embeddable":true,"href":"https:\/\/encuentroinformativo.com.mx\/index.php?rest_route=%2Fwp%2Fv2%2Ftags&post=30872"}],"curies":[{"name":"wp","href":"https:\/\/api.w.org\/{rel}","templated":true}]}}