{"id":30884,"date":"2022-08-24T09:29:26","date_gmt":"2022-08-24T14:29:26","guid":{"rendered":"https:\/\/encuentroinformativo.com.mx\/?p=30884"},"modified":"2022-08-24T09:29:29","modified_gmt":"2022-08-24T14:29:29","slug":"fotogenicos","status":"publish","type":"post","link":"https:\/\/encuentroinformativo.com.mx\/?p=30884","title":{"rendered":"\u00a1FOTOG\u00c9NICOS!"},"content":{"rendered":"\n<p><strong>Los Pol\u00edticos<\/strong><\/p>\n\n\n\n<p><strong>Salvador Mu\u00f1oz<\/strong><\/p>\n\n\n\n<p>A todos nos queda claro que el gobernador de Veracruz no es fotog\u00e9nico, pero s\u00ed hay que reconocer el enorme trabajo que en cuesti\u00f3n de imagen han hecho en Palacio de Gobierno, que van desde los trajes casi hechos a mano, peinado (yo no trae pelos de escobeta) y si me apuran, hasta un cuidado dental extremo\u2026 s\u00ed, no es fotog\u00e9nico\u2026 guapo \u00a1Henry Cavill! y ya ven que lo mandaron al segundo lugar por un koreano que a mi juicio, \u00a1est\u00e1 m\u00e1s feo que Cuitl\u00e1huac!<\/p>\n\n\n\n<p>Conste, fue el mismo Cuitl\u00e1huac quien dijo que no era fotog\u00e9nico, no yo\u2026 El asunto de la \u201cguaposidad\u201d viene porque de cierto modo, el gobernador defendi\u00f3 la obra muralista de los misantecos la cual fue vandalizada solamente en la parte m\u00e1s negra del trabajo art\u00edstico, justo donde aparec\u00eda el rostro del que finge fungir como secretario de Gobierno, Eric Cisneros Burgos.<\/p>\n\n\n\n<p>Conste\u2026 dije que defendi\u00f3 el trabajo art\u00edstico, no que se plasmara el rostro de Bola 8, y quiz\u00e1s por eso sugiri\u00f3 que si se va a rehacer la obra, que sea m\u00e1s generalizada, que en buen castellano implica que no se particularice la negritud en un personaje como es Cisneros Burgos\u2026 algo as\u00ed como no confundir Negro con Prieto, Prieto con Charol, ni Charol con Llanta\u2026 \u00a1vamos! no politizar la bandera negra\u2026<\/p>\n\n\n\n<p>Es claro que Eric Cisneros Burgos va a buscar la curul federal a trav\u00e9s de la bandera de la negritud, de los negritos, de los prietitos, de los morenos, de los veracruzambos o como bien los llaman ahora: afroveracruzanos, que en nuestro estado, somos muchos, (dice Bola 8 que un mill\u00f3n), pero no cualquier negro es Yanga\u2026<\/p>\n\n\n\n<p>No s\u00e9 mucho de la historia de Misantla, pero si presume de ra\u00edces afrodescendientes, es seguro entonces que por all\u00ed debe haber un misanteco a quien rendirle homenaje aunque Pedro Infante y Mar\u00eda F\u00e9lix, que si bien no son misantecos ni negros, igual merecen un cacho de historia por haber llevado el Pocito de Nacaquinia a todo el mundo con Tizoc\u2026&nbsp;<\/p>\n\n\n\n<p>Yo creo que al Gobernador, si bien tuvo el valor de decir que no es fotog\u00e9nico para andar apareciendo en murales, le falt\u00f3 agregar que tampoco Bola 8, para dejar en claro la idea que tiene el TlatoAMLI de que el culto a la personalidad y a la vanidad no tienen cabida en la 4T \u00a1ni en pintura! pero s\u00ed en mantas\u2026<\/p>\n\n\n\n<p>No s\u00e9 en su municipio, pero en Xalapa, en algunas colonias, han ido apareciendo lonas o mantas en las paredes de algunos sacros hogares que manifiestan su apoyo a Claudia Sheinbaum\u2026 o una de dos:<\/p>\n\n\n\n<p>1.- A esas familias, los morenos llegaron a ponerles las mantas a cambio de algo\u2026 o<\/p>\n\n\n\n<p>2.- Son chilangos que han llegado para asentarse en Xalapa y pues a\u00fan les late su corazoncito por la Sheinbaum.<\/p>\n\n\n\n<p>Lo m\u00e1s seguro es que no sea ni la 1 ni la 2, sino que el mismo Cuitl\u00e1huac, queri\u00e9ndose ver guapo con su hom\u00f3loga de la Ciudad de M\u00e9xico, anda promoviendo por estos lares su imagen.<\/p>\n\n\n\n<p>Ya nada m\u00e1s para cerrar los comentarios, dos cositas:<\/p>\n\n\n\n<p>1.- As\u00ed como Cuic defiende a los artistas del mural de Misantla, me hubiera gustado ver defender el trabajo de los artistas del mural del Viaducto en Xalapa\u2026&nbsp;<\/p>\n\n\n\n<p>2.- As\u00ed como se oye de congruente Cuic rechazando el culto a la personalidad y a la vanidad, mismo papel debiera hacer con las mantas de la Sheinbaum en Xalapa\u2026<\/p>\n\n\n\n<p><a href=\"mailto:smcainito@gmail.com\" target=\"_blank\" rel=\"noreferrer noopener\">smcainito@gmail.com<\/a><\/p>\n","protected":false},"excerpt":{"rendered":"<p>Los Pol\u00edticos Salvador Mu\u00f1oz A todos nos queda claro que el gobernador de Veracruz no es fotog\u00e9nico, pero s\u00ed hay que reconocer el enorme trabajo que en cuesti\u00f3n de imagen han hecho en Palacio de Gobierno, que van desde los trajes casi hechos a mano, peinado (yo no trae pelos de escobeta) y si me [&hellip;]<\/p>\n","protected":false},"author":1,"featured_media":387,"comment_status":"open","ping_status":"open","sticky":false,"template":"","format":"standard","meta":{"_jetpack_memberships_contains_paid_content":false,"footnotes":""},"categories":[11],"tags":[],"class_list":["post-30884","post","type-post","status-publish","format-standard","has-post-thumbnail","hentry","category-opinion"],"jetpack_featured_media_url":"https:\/\/encuentroinformativo.com.mx\/wp-content\/uploads\/2020\/03\/7CF8A22B-2764-47BE-8F7F-38FE9E5D6A2F.jpeg","jetpack_sharing_enabled":true,"jetpack_likes_enabled":true,"amp_enabled":true,"_links":{"self":[{"href":"https:\/\/encuentroinformativo.com.mx\/index.php?rest_route=\/wp\/v2\/posts\/30884","targetHints":{"allow":["GET"]}}],"collection":[{"href":"https:\/\/encuentroinformativo.com.mx\/index.php?rest_route=\/wp\/v2\/posts"}],"about":[{"href":"https:\/\/encuentroinformativo.com.mx\/index.php?rest_route=\/wp\/v2\/types\/post"}],"author":[{"embeddable":true,"href":"https:\/\/encuentroinformativo.com.mx\/index.php?rest_route=\/wp\/v2\/users\/1"}],"replies":[{"embeddable":true,"href":"https:\/\/encuentroinformativo.com.mx\/index.php?rest_route=%2Fwp%2Fv2%2Fcomments&post=30884"}],"version-history":[{"count":1,"href":"https:\/\/encuentroinformativo.com.mx\/index.php?rest_route=\/wp\/v2\/posts\/30884\/revisions"}],"predecessor-version":[{"id":30885,"href":"https:\/\/encuentroinformativo.com.mx\/index.php?rest_route=\/wp\/v2\/posts\/30884\/revisions\/30885"}],"wp:featuredmedia":[{"embeddable":true,"href":"https:\/\/encuentroinformativo.com.mx\/index.php?rest_route=\/wp\/v2\/media\/387"}],"wp:attachment":[{"href":"https:\/\/encuentroinformativo.com.mx\/index.php?rest_route=%2Fwp%2Fv2%2Fmedia&parent=30884"}],"wp:term":[{"taxonomy":"category","embeddable":true,"href":"https:\/\/encuentroinformativo.com.mx\/index.php?rest_route=%2Fwp%2Fv2%2Fcategories&post=30884"},{"taxonomy":"post_tag","embeddable":true,"href":"https:\/\/encuentroinformativo.com.mx\/index.php?rest_route=%2Fwp%2Fv2%2Ftags&post=30884"}],"curies":[{"name":"wp","href":"https:\/\/api.w.org\/{rel}","templated":true}]}}