{"id":30900,"date":"2022-08-24T12:46:52","date_gmt":"2022-08-24T17:46:52","guid":{"rendered":"https:\/\/encuentroinformativo.com.mx\/?p=30900"},"modified":"2022-08-24T12:46:56","modified_gmt":"2022-08-24T17:46:56","slug":"fuerzas-federales-blindan-medellin-de-bravo","status":"publish","type":"post","link":"https:\/\/encuentroinformativo.com.mx\/?p=30900","title":{"rendered":"Fuerzas federales \u2018blindan\u2019 Medell\u00edn de Bravo"},"content":{"rendered":"\n<p><strong>Alejandro \u00c1vila<\/strong><\/p>\n\n\n\n<p>Medell\u00edn de Bravo, Ver.- Tras la solicitud del alcalde, Marcos Isle\u00f1o Andrade, y ante el reclamo de la ciudadan\u00eda de Medell\u00edn de Bravo por reforzar la seguridad en el municipio, elementos de la Guardia Nacional y del Ej\u00e9rcito Mexicano aumentar\u00e1n su presencia en la zona.<\/p>\n\n\n\n<p>En total se trata de 50 elementos que acompa\u00f1ar\u00e1n a la Polic\u00eda Estatal para reforzar las tareas de vigilancia en zonas reportadas con mayor incidencia delictiva, iniciando as\u00ed el operativo &#8220;Medell\u00edn Seguro&#8221;.<\/p>\n\n\n\n<p>Isle\u00f1o Andrade manifest\u00f3 qu\u00e9, el operativo inici\u00f3 este martes 23 de agosto y se mantendr\u00e1 en el municipio por tiempo indefinido, con la finalidad de disminuir la incidencia delictiva en las localidades y zonas urbanas de la ciudad.<\/p>\n\n\n\n<p>En estas acciones se implementar\u00e1n cuatro filtros de vigilancia y monitoreo en todo el municipio, los cuales permitir\u00e1n inhibir el delito y reforzar la tranquilidad de los ciudadanos.<\/p>\n\n\n\n<p>La vigilancia se aumentar\u00e1 en los fraccionamientos Puente Moreno, Arboledas San Ram\u00f3n, las colonias de la localidades de El Tejar, Paso del Toro, Playa de Vacas y las comunidades cercanas a la carretera federal 180.<br><\/p>\n\n\n\n<figure class=\"wp-block-image size-large\"><img loading=\"lazy\" decoding=\"async\" width=\"1024\" height=\"682\" src=\"https:\/\/encuentroinformativo.com.mx\/wp-content\/uploads\/2022\/08\/AF315294-6EE0-4714-B446-CF6404A902AE-1024x682.jpeg\" alt=\"\" class=\"wp-image-30902\" srcset=\"https:\/\/encuentroinformativo.com.mx\/wp-content\/uploads\/2022\/08\/AF315294-6EE0-4714-B446-CF6404A902AE-1024x682.jpeg 1024w, https:\/\/encuentroinformativo.com.mx\/wp-content\/uploads\/2022\/08\/AF315294-6EE0-4714-B446-CF6404A902AE-300x200.jpeg 300w, https:\/\/encuentroinformativo.com.mx\/wp-content\/uploads\/2022\/08\/AF315294-6EE0-4714-B446-CF6404A902AE-768x512.jpeg 768w, https:\/\/encuentroinformativo.com.mx\/wp-content\/uploads\/2022\/08\/AF315294-6EE0-4714-B446-CF6404A902AE.jpeg 1280w\" sizes=\"auto, (max-width: 1024px) 100vw, 1024px\" \/><\/figure>\n","protected":false},"excerpt":{"rendered":"<p>Alejandro \u00c1vila Medell\u00edn de Bravo, Ver.- Tras la solicitud del alcalde, Marcos Isle\u00f1o Andrade, y ante el reclamo de la ciudadan\u00eda de Medell\u00edn de Bravo por reforzar la seguridad en el municipio, elementos de la Guardia Nacional y del Ej\u00e9rcito Mexicano aumentar\u00e1n su presencia en la zona. En total se trata de 50 elementos que [&hellip;]<\/p>\n","protected":false},"author":1,"featured_media":30901,"comment_status":"open","ping_status":"open","sticky":false,"template":"","format":"standard","meta":{"_jetpack_memberships_contains_paid_content":false,"footnotes":""},"categories":[2],"tags":[],"class_list":["post-30900","post","type-post","status-publish","format-standard","has-post-thumbnail","hentry","category-estado"],"jetpack_featured_media_url":"https:\/\/encuentroinformativo.com.mx\/wp-content\/uploads\/2022\/08\/85533D90-39C3-4385-829D-3E0EE7D0C987.jpeg","jetpack_sharing_enabled":true,"jetpack_likes_enabled":true,"amp_enabled":true,"_links":{"self":[{"href":"https:\/\/encuentroinformativo.com.mx\/index.php?rest_route=\/wp\/v2\/posts\/30900","targetHints":{"allow":["GET"]}}],"collection":[{"href":"https:\/\/encuentroinformativo.com.mx\/index.php?rest_route=\/wp\/v2\/posts"}],"about":[{"href":"https:\/\/encuentroinformativo.com.mx\/index.php?rest_route=\/wp\/v2\/types\/post"}],"author":[{"embeddable":true,"href":"https:\/\/encuentroinformativo.com.mx\/index.php?rest_route=\/wp\/v2\/users\/1"}],"replies":[{"embeddable":true,"href":"https:\/\/encuentroinformativo.com.mx\/index.php?rest_route=%2Fwp%2Fv2%2Fcomments&post=30900"}],"version-history":[{"count":1,"href":"https:\/\/encuentroinformativo.com.mx\/index.php?rest_route=\/wp\/v2\/posts\/30900\/revisions"}],"predecessor-version":[{"id":30903,"href":"https:\/\/encuentroinformativo.com.mx\/index.php?rest_route=\/wp\/v2\/posts\/30900\/revisions\/30903"}],"wp:featuredmedia":[{"embeddable":true,"href":"https:\/\/encuentroinformativo.com.mx\/index.php?rest_route=\/wp\/v2\/media\/30901"}],"wp:attachment":[{"href":"https:\/\/encuentroinformativo.com.mx\/index.php?rest_route=%2Fwp%2Fv2%2Fmedia&parent=30900"}],"wp:term":[{"taxonomy":"category","embeddable":true,"href":"https:\/\/encuentroinformativo.com.mx\/index.php?rest_route=%2Fwp%2Fv2%2Fcategories&post=30900"},{"taxonomy":"post_tag","embeddable":true,"href":"https:\/\/encuentroinformativo.com.mx\/index.php?rest_route=%2Fwp%2Fv2%2Ftags&post=30900"}],"curies":[{"name":"wp","href":"https:\/\/api.w.org\/{rel}","templated":true}]}}