{"id":30908,"date":"2022-08-24T20:18:40","date_gmt":"2022-08-25T01:18:40","guid":{"rendered":"https:\/\/encuentroinformativo.com.mx\/?p=30908"},"modified":"2022-08-24T20:18:43","modified_gmt":"2022-08-25T01:18:43","slug":"tormenta-electrica-dejo-sin-luz-al-registro-civil-de-veracruz","status":"publish","type":"post","link":"https:\/\/encuentroinformativo.com.mx\/?p=30908","title":{"rendered":"Tormenta el\u00e9ctrica dej\u00f3 sin luz al Registro Civil de Veracruz"},"content":{"rendered":"\n<p><strong>Alejandro \u00c1vila<\/strong><\/p>\n\n\n\n<p>Veracruz, Ver.- El personal del Comisi\u00f3n Federal de Electricidad (CFE) trabaja a marchas forzadas para reparar la falta de energ\u00eda el\u00e9ctrica en el Registro Civil de Veracruz puerto, misma que fue provocada por la tempestuosa tormenta del pasado domingo.<\/p>\n\n\n\n<p>Desde el pasado lunes el recinto sede del Registro Civil en el municipio de Veracruz se qued\u00f3 sin energ\u00eda el\u00e9ctrica, situaci\u00f3n que afect\u00f3 a empleados y ciudadanos, pues se retrasaron en sus labores y tr\u00e1mites cotidianos.<\/p>\n\n\n\n<p>&#8220;No creo porque no nos dan permiso todo el tiempo (en el trabajo), as\u00ed que, era el d\u00eda de hoy o buscar otro d\u00eda con permiso. Dos d\u00edas y ya ma\u00f1ana ser\u00eda otro, entonces, no tenemos otra oportunidad, hasta dentro de un mes o no s\u00e9&#8221;, mencion\u00f3 el se\u00f1or Domingo Camargo.<\/p>\n\n\n\n<p>El director del Registro Civil de Veracruz, Ricardo Toache Abreu mencion\u00f3 que, por el momento solo est\u00e1n expidiendo actas de defunci\u00f3n, mientras que las actas de nacimiento y matrimonio tendr\u00e1n que esperar hasta que se restablezca la luz.<\/p>\n\n\n\n<p>El funcionario municipal explico qu\u00e9, el reporte entregado por la Comisi\u00f3n Federal de Electricidad (CFE) fue, la explosi\u00f3n de un transformador, mismo que ya fue retirado y est\u00e1n en espera de colocar el nuevo.<\/p>\n\n\n\n<figure class=\"wp-block-image size-large\"><img loading=\"lazy\" decoding=\"async\" width=\"1024\" height=\"576\" src=\"https:\/\/encuentroinformativo.com.mx\/wp-content\/uploads\/2022\/08\/C01B58DD-D360-47F8-9DED-438D3E5CA9E1-1024x576.jpeg\" alt=\"\" class=\"wp-image-30910\" srcset=\"https:\/\/encuentroinformativo.com.mx\/wp-content\/uploads\/2022\/08\/C01B58DD-D360-47F8-9DED-438D3E5CA9E1-1024x576.jpeg 1024w, https:\/\/encuentroinformativo.com.mx\/wp-content\/uploads\/2022\/08\/C01B58DD-D360-47F8-9DED-438D3E5CA9E1-300x169.jpeg 300w, https:\/\/encuentroinformativo.com.mx\/wp-content\/uploads\/2022\/08\/C01B58DD-D360-47F8-9DED-438D3E5CA9E1-768x432.jpeg 768w, https:\/\/encuentroinformativo.com.mx\/wp-content\/uploads\/2022\/08\/C01B58DD-D360-47F8-9DED-438D3E5CA9E1-1536x864.jpeg 1536w, https:\/\/encuentroinformativo.com.mx\/wp-content\/uploads\/2022\/08\/C01B58DD-D360-47F8-9DED-438D3E5CA9E1.jpeg 1600w\" sizes=\"auto, (max-width: 1024px) 100vw, 1024px\" \/><\/figure>\n\n\n\n<figure class=\"wp-block-jetpack-image-compare\"><div class=\"juxtapose\" data-mode=\"horizontal\"><img class=\"image-compare__image-before\"\/><img class=\"image-compare__image-after\"\/><\/div><\/figure>\n","protected":false},"excerpt":{"rendered":"<p>Alejandro \u00c1vila Veracruz, Ver.- El personal del Comisi\u00f3n Federal de Electricidad (CFE) trabaja a marchas forzadas para reparar la falta de energ\u00eda el\u00e9ctrica en el Registro Civil de Veracruz puerto, misma que fue provocada por la tempestuosa tormenta del pasado domingo. Desde el pasado lunes el recinto sede del Registro Civil en el municipio de [&hellip;]<\/p>\n","protected":false},"author":1,"featured_media":30909,"comment_status":"open","ping_status":"open","sticky":false,"template":"","format":"standard","meta":{"_jetpack_memberships_contains_paid_content":false,"footnotes":""},"categories":[2],"tags":[],"class_list":["post-30908","post","type-post","status-publish","format-standard","has-post-thumbnail","hentry","category-estado"],"jetpack_featured_media_url":"https:\/\/encuentroinformativo.com.mx\/wp-content\/uploads\/2022\/08\/C8D3116E-629A-48DB-B4A0-9B3A4A752CF5.jpeg","jetpack_sharing_enabled":true,"jetpack_likes_enabled":true,"amp_enabled":true,"_links":{"self":[{"href":"https:\/\/encuentroinformativo.com.mx\/index.php?rest_route=\/wp\/v2\/posts\/30908","targetHints":{"allow":["GET"]}}],"collection":[{"href":"https:\/\/encuentroinformativo.com.mx\/index.php?rest_route=\/wp\/v2\/posts"}],"about":[{"href":"https:\/\/encuentroinformativo.com.mx\/index.php?rest_route=\/wp\/v2\/types\/post"}],"author":[{"embeddable":true,"href":"https:\/\/encuentroinformativo.com.mx\/index.php?rest_route=\/wp\/v2\/users\/1"}],"replies":[{"embeddable":true,"href":"https:\/\/encuentroinformativo.com.mx\/index.php?rest_route=%2Fwp%2Fv2%2Fcomments&post=30908"}],"version-history":[{"count":1,"href":"https:\/\/encuentroinformativo.com.mx\/index.php?rest_route=\/wp\/v2\/posts\/30908\/revisions"}],"predecessor-version":[{"id":30911,"href":"https:\/\/encuentroinformativo.com.mx\/index.php?rest_route=\/wp\/v2\/posts\/30908\/revisions\/30911"}],"wp:featuredmedia":[{"embeddable":true,"href":"https:\/\/encuentroinformativo.com.mx\/index.php?rest_route=\/wp\/v2\/media\/30909"}],"wp:attachment":[{"href":"https:\/\/encuentroinformativo.com.mx\/index.php?rest_route=%2Fwp%2Fv2%2Fmedia&parent=30908"}],"wp:term":[{"taxonomy":"category","embeddable":true,"href":"https:\/\/encuentroinformativo.com.mx\/index.php?rest_route=%2Fwp%2Fv2%2Fcategories&post=30908"},{"taxonomy":"post_tag","embeddable":true,"href":"https:\/\/encuentroinformativo.com.mx\/index.php?rest_route=%2Fwp%2Fv2%2Ftags&post=30908"}],"curies":[{"name":"wp","href":"https:\/\/api.w.org\/{rel}","templated":true}]}}