{"id":30912,"date":"2022-08-24T20:25:47","date_gmt":"2022-08-25T01:25:47","guid":{"rendered":"https:\/\/encuentroinformativo.com.mx\/?p=30912"},"modified":"2022-08-24T20:25:51","modified_gmt":"2022-08-25T01:25:51","slug":"iniciaran-clases-presenciales-mas-de-dos-millones-de-estudiantes","status":"publish","type":"post","link":"https:\/\/encuentroinformativo.com.mx\/?p=30912","title":{"rendered":"Iniciar\u00e1n clases presenciales m\u00e1s de dos millones de estudiantes"},"content":{"rendered":"\n<p><strong>Dar\u00edo Pale<\/strong><\/p>\n\n\n\n<p>Xalapa, Ver.- El titular de la Secretar\u00eda de Educaci\u00f3n de Veracruz (SEV), Roberto Zenyazen Escobar Garc\u00eda dio a conocer que despu\u00e9s de dos a\u00f1os de pandemia por el coronavirus, este pr\u00f3ximo lunes 29 de agosto inicia en Veracruz el ciclo escolar 2022-2023, donde mas de dos millones 300 mil estudiantes de todos los niveles educativos regresan a clases de manera presencial.<\/p>\n\n\n\n<p>En conferencia de prensa inform\u00f3 que todo est\u00e1 listo para este regreso a las aulas, con la aplicaci\u00f3n de las medidas sanitarias correspondientes por lo que trabajan coordinados con los comit\u00e9s de participaci\u00f3n que conforman padres de familia y autoridades escolares.<\/p>\n\n\n\n<p>\u201cTodo listo para el regreso a clases. Estamos listos para regresar al cien por ciento a clases con las medidas sanitarias\u201d, se\u00f1al\u00f3.<\/p>\n\n\n\n<p>Adelant\u00f3 \u00a0que esta semana retornaron Un mill\u00f3n 349 mil 290 estudiantes de Educaci\u00f3n Media Superior y Superior.<\/p>\n\n\n\n<p>Zenyazen Escobar Garc\u00eda, destac\u00f3 que son m\u00e1s de 20 mil planteles los que reabren sus puertas, donde alrededor de 300 mil profesores iniciaron esta semana su actividad.<\/p>\n\n\n\n<p>Finalmente reiter\u00f3 que todas las condiciones sanitarias y de estructura est\u00e1n dadas, para el retorno presencial a la actividad escolar en el estado.<\/p>\n","protected":false},"excerpt":{"rendered":"<p>Dar\u00edo Pale Xalapa, Ver.- El titular de la Secretar\u00eda de Educaci\u00f3n de Veracruz (SEV), Roberto Zenyazen Escobar Garc\u00eda dio a conocer que despu\u00e9s de dos a\u00f1os de pandemia por el coronavirus, este pr\u00f3ximo lunes 29 de agosto inicia en Veracruz el ciclo escolar 2022-2023, donde mas de dos millones 300 mil estudiantes de todos los [&hellip;]<\/p>\n","protected":false},"author":1,"featured_media":30913,"comment_status":"open","ping_status":"open","sticky":false,"template":"","format":"standard","meta":{"_jetpack_memberships_contains_paid_content":false,"footnotes":""},"categories":[2],"tags":[],"class_list":["post-30912","post","type-post","status-publish","format-standard","has-post-thumbnail","hentry","category-estado"],"jetpack_featured_media_url":"https:\/\/encuentroinformativo.com.mx\/wp-content\/uploads\/2022\/08\/EEEF56C7-1CF0-4F80-B139-D5549A97E11A.jpeg","jetpack_sharing_enabled":true,"jetpack_likes_enabled":true,"amp_enabled":true,"_links":{"self":[{"href":"https:\/\/encuentroinformativo.com.mx\/index.php?rest_route=\/wp\/v2\/posts\/30912","targetHints":{"allow":["GET"]}}],"collection":[{"href":"https:\/\/encuentroinformativo.com.mx\/index.php?rest_route=\/wp\/v2\/posts"}],"about":[{"href":"https:\/\/encuentroinformativo.com.mx\/index.php?rest_route=\/wp\/v2\/types\/post"}],"author":[{"embeddable":true,"href":"https:\/\/encuentroinformativo.com.mx\/index.php?rest_route=\/wp\/v2\/users\/1"}],"replies":[{"embeddable":true,"href":"https:\/\/encuentroinformativo.com.mx\/index.php?rest_route=%2Fwp%2Fv2%2Fcomments&post=30912"}],"version-history":[{"count":1,"href":"https:\/\/encuentroinformativo.com.mx\/index.php?rest_route=\/wp\/v2\/posts\/30912\/revisions"}],"predecessor-version":[{"id":30914,"href":"https:\/\/encuentroinformativo.com.mx\/index.php?rest_route=\/wp\/v2\/posts\/30912\/revisions\/30914"}],"wp:featuredmedia":[{"embeddable":true,"href":"https:\/\/encuentroinformativo.com.mx\/index.php?rest_route=\/wp\/v2\/media\/30913"}],"wp:attachment":[{"href":"https:\/\/encuentroinformativo.com.mx\/index.php?rest_route=%2Fwp%2Fv2%2Fmedia&parent=30912"}],"wp:term":[{"taxonomy":"category","embeddable":true,"href":"https:\/\/encuentroinformativo.com.mx\/index.php?rest_route=%2Fwp%2Fv2%2Fcategories&post=30912"},{"taxonomy":"post_tag","embeddable":true,"href":"https:\/\/encuentroinformativo.com.mx\/index.php?rest_route=%2Fwp%2Fv2%2Ftags&post=30912"}],"curies":[{"name":"wp","href":"https:\/\/api.w.org\/{rel}","templated":true}]}}