{"id":30918,"date":"2022-08-24T21:09:38","date_gmt":"2022-08-25T02:09:38","guid":{"rendered":"https:\/\/encuentroinformativo.com.mx\/?p=30918"},"modified":"2022-08-24T21:09:42","modified_gmt":"2022-08-25T02:09:42","slug":"el-pan-tiene-buenas-cartas-en-veracruz-marko-cortes","status":"publish","type":"post","link":"https:\/\/encuentroinformativo.com.mx\/?p=30918","title":{"rendered":"El PAN tiene \u2018buenas cartas\u2019 en Veracruz: Marko Cort\u00e9s"},"content":{"rendered":"\n<p><strong>Alejandro \u00c1vila<\/strong><\/p>\n\n\n\n<p>Boca del R\u00edo, Ver.- El presidente nacional del PAN, Marko Cort\u00e9s Mendoza se\u00f1al\u00f3 que, la alcaldesa de Veracruz, los hermanos Yunes, as\u00ed como el coordinador de Senadores del PAN, podr\u00edan ser los candidatos a la gubernatura de Veracruz en 2024.<\/p>\n\n\n\n<p>El l\u00edder blanquiazul descart\u00f3 mencionar c\u00f3mo ser\u00eda el m\u00e9todo de elecci\u00f3n, y apresur\u00f3 el paso a la pregunta de los reporteros porte\u00f1os.<\/p>\n\n\n\n<p>&#8220;Nosotros en Acci\u00f3n Nacional tenemos muy buenas opciones, muy buenas cartas (\u2026) te hablo por poner un ejemplo y para empezar por las damas, yo no descartar\u00eda a nuestra presidenta municipal Paty Lobeira, por supuesto que es una gran opci\u00f3n, que ha hecho las cosas muy bien y que hoy tiene reconocimiento de propios y extra\u00f1os, es una alcaldesa muy bien evaluada, por supuesto que no descartar\u00eda a ninguno de los hermanos Yunes, Miguel y Fernando tienen un alto posicionamiento, Miguel ha sido muy competitivo, y es una gran opci\u00f3n, al igual que Fernando su hermano que fue Senador, obviamente tampoco descarto al Senador, Julen Rementer\u00eda, coordinador de los Senadores&#8221;, puntualiz\u00f3.<\/p>\n\n\n\n<p>Cort\u00e9s Mendoza lament\u00f3 la aprobaci\u00f3n en Veracruz de la llamada Ley Nahle, la cual permite que personas no nacidas en la entidad veracruzana puedan ser candidatos a la gubernatura, lo cual promueve evidentemente la selecci\u00f3n de la Secretar\u00eda de Energ\u00eda, Roc\u00edo Nahle Garc\u00eda, para ser la candidata a la gubernatura de Veracruz por Morena.<\/p>\n\n\n\n<p>&#8220;No puede haber leyes a modo para beneficiar a alguien en lo particular, nosotros entendemos que hay legislaciones similares en otros estados, pero no para beneficiar a una persona en lo particular, la Ley Nahle es para permitirle a quien antes no pod\u00eda, ser candidata a Gobernador, eso es inaceptable&#8221;, culmin\u00f3.<\/p>\n","protected":false},"excerpt":{"rendered":"<p>Alejandro \u00c1vila Boca del R\u00edo, Ver.- El presidente nacional del PAN, Marko Cort\u00e9s Mendoza se\u00f1al\u00f3 que, la alcaldesa de Veracruz, los hermanos Yunes, as\u00ed como el coordinador de Senadores del PAN, podr\u00edan ser los candidatos a la gubernatura de Veracruz en 2024. El l\u00edder blanquiazul descart\u00f3 mencionar c\u00f3mo ser\u00eda el m\u00e9todo de elecci\u00f3n, y apresur\u00f3 [&hellip;]<\/p>\n","protected":false},"author":1,"featured_media":30919,"comment_status":"open","ping_status":"open","sticky":false,"template":"","format":"standard","meta":{"_jetpack_memberships_contains_paid_content":false,"footnotes":""},"categories":[2],"tags":[],"class_list":["post-30918","post","type-post","status-publish","format-standard","has-post-thumbnail","hentry","category-estado"],"jetpack_featured_media_url":"https:\/\/encuentroinformativo.com.mx\/wp-content\/uploads\/2022\/08\/FBE43565-7A95-48E4-9EDB-5352C17FDBFC.jpeg","jetpack_sharing_enabled":true,"jetpack_likes_enabled":true,"amp_enabled":true,"_links":{"self":[{"href":"https:\/\/encuentroinformativo.com.mx\/index.php?rest_route=\/wp\/v2\/posts\/30918","targetHints":{"allow":["GET"]}}],"collection":[{"href":"https:\/\/encuentroinformativo.com.mx\/index.php?rest_route=\/wp\/v2\/posts"}],"about":[{"href":"https:\/\/encuentroinformativo.com.mx\/index.php?rest_route=\/wp\/v2\/types\/post"}],"author":[{"embeddable":true,"href":"https:\/\/encuentroinformativo.com.mx\/index.php?rest_route=\/wp\/v2\/users\/1"}],"replies":[{"embeddable":true,"href":"https:\/\/encuentroinformativo.com.mx\/index.php?rest_route=%2Fwp%2Fv2%2Fcomments&post=30918"}],"version-history":[{"count":1,"href":"https:\/\/encuentroinformativo.com.mx\/index.php?rest_route=\/wp\/v2\/posts\/30918\/revisions"}],"predecessor-version":[{"id":30920,"href":"https:\/\/encuentroinformativo.com.mx\/index.php?rest_route=\/wp\/v2\/posts\/30918\/revisions\/30920"}],"wp:featuredmedia":[{"embeddable":true,"href":"https:\/\/encuentroinformativo.com.mx\/index.php?rest_route=\/wp\/v2\/media\/30919"}],"wp:attachment":[{"href":"https:\/\/encuentroinformativo.com.mx\/index.php?rest_route=%2Fwp%2Fv2%2Fmedia&parent=30918"}],"wp:term":[{"taxonomy":"category","embeddable":true,"href":"https:\/\/encuentroinformativo.com.mx\/index.php?rest_route=%2Fwp%2Fv2%2Fcategories&post=30918"},{"taxonomy":"post_tag","embeddable":true,"href":"https:\/\/encuentroinformativo.com.mx\/index.php?rest_route=%2Fwp%2Fv2%2Ftags&post=30918"}],"curies":[{"name":"wp","href":"https:\/\/api.w.org\/{rel}","templated":true}]}}