{"id":30921,"date":"2022-08-25T00:26:45","date_gmt":"2022-08-25T05:26:45","guid":{"rendered":"https:\/\/encuentroinformativo.com.mx\/?p=30921"},"modified":"2022-08-25T00:26:48","modified_gmt":"2022-08-25T05:26:48","slug":"asiste-alcalde-jm-unanue-a-tercera-reunion-plenaria-de-diputados-federales-del-pan","status":"publish","type":"post","link":"https:\/\/encuentroinformativo.com.mx\/?p=30921","title":{"rendered":"Asiste Alcalde JM Un\u00e1nue a Tercera Reuni\u00f3n Plenaria de Diputados Federales del PAN"},"content":{"rendered":"\n<p><strong>*<em>El presidente municipal aprovechar\u00e1 el acercamiento para la gesti\u00f3n de apoyos federales para el municipio de Boca del R\u00edo<\/em>.<\/strong><\/p>\n\n\n\n<p>Boca del R\u00edo, Ver.- El Alcalde Juan Manuel Un\u00e1nue Abascal, se dijo contento de que hayan elegido a Boca de el R\u00edo como sede de la Tercera Reuni\u00f3n Plenaria de Diputadas y Diputados Federales del Partido Acci\u00f3n Nacional, evento en el que buscar\u00e1 sacar provecho para la gesti\u00f3n de apoyos federales para el municipio de Boca del R\u00edo.<\/p>\n\n\n\n<p>\u201cMuy contentos de tener a las y los Diputados Federales del PAN, donde aprovecharemos hacer llegar unas solicitudes para que nos apoyen y que sean de gran beneficio para el crecimiento y desarrollo de nuestro municipio\u201d, expres\u00f3.<\/p>\n\n\n\n<p>Asimismo, record\u00f3 que si bien ya no se cuenta con algunos apoyos federales como por ejemplo el Fortaseg, seguir\u00e1 gestionando recursos y proyectos con algunas secretar\u00edas en particular, incluso, directamente con el Presidente de la Rep\u00fablica.<\/p>\n\n\n\n<p>\u201cTenemos algunas gestiones que ya hemos hecho de manera directa en algunas secretar\u00edas, incluso de manera directa con el presidente de la Rep\u00fablica, temas importantes que nos solicita la ciudadan\u00eda como lo es el puente que cruza el R\u00edo Jamapa, que urgen.<\/p>\n\n\n\n<p>\u201cHemos mandado tambi\u00e9n algunos oficios como es la rehabilitaci\u00f3n de las escolleras del bulevar Manuel \u00c1vila Camacho y algunos otros temas m\u00e1s que necesita Boca del R\u00edo, porque sabemos de la importancia de los fondos que exist\u00edan en apoyo a los municipios, entonces aprovecharemos estos momentos para pedirle apoyos a las y los diputados para que ayuden a la ciudadan\u00eda de Boca del R\u00edo\u201d, concluy\u00f3.<\/p>\n\n\n\n<p>En el primer d\u00eda de esta plenaria, el dirigente nacional del PAN, Marko Cort\u00e9s Mendoza hizo llegar un mensaje a todos los asistentes para despu\u00e9s continuar con la ponencia \u201cLa Reforma Electoral que un M\u00e9xico democr\u00e1tico necesita\u201d impartida por el Dr. Javier Aparicio y el Mtro. Alfredo Figueroa, para cerrar con la Presentaci\u00f3n de la Agenda Parlamentaria en Materia Electoral presentada por el Dip. Humberto Aguilar Coronado.<\/p>\n","protected":false},"excerpt":{"rendered":"<p>*El presidente municipal aprovechar\u00e1 el acercamiento para la gesti\u00f3n de apoyos federales para el municipio de Boca del R\u00edo. Boca del R\u00edo, Ver.- El Alcalde Juan Manuel Un\u00e1nue Abascal, se dijo contento de que hayan elegido a Boca de el R\u00edo como sede de la Tercera Reuni\u00f3n Plenaria de Diputadas y Diputados Federales del Partido [&hellip;]<\/p>\n","protected":false},"author":1,"featured_media":30922,"comment_status":"open","ping_status":"open","sticky":false,"template":"","format":"standard","meta":{"_jetpack_memberships_contains_paid_content":false,"footnotes":""},"categories":[2],"tags":[],"class_list":["post-30921","post","type-post","status-publish","format-standard","has-post-thumbnail","hentry","category-estado"],"jetpack_featured_media_url":"https:\/\/encuentroinformativo.com.mx\/wp-content\/uploads\/2022\/08\/D6ACC9C1-15DF-4053-A8D1-D84E44039660.jpeg","jetpack_sharing_enabled":true,"jetpack_likes_enabled":true,"amp_enabled":true,"_links":{"self":[{"href":"https:\/\/encuentroinformativo.com.mx\/index.php?rest_route=\/wp\/v2\/posts\/30921","targetHints":{"allow":["GET"]}}],"collection":[{"href":"https:\/\/encuentroinformativo.com.mx\/index.php?rest_route=\/wp\/v2\/posts"}],"about":[{"href":"https:\/\/encuentroinformativo.com.mx\/index.php?rest_route=\/wp\/v2\/types\/post"}],"author":[{"embeddable":true,"href":"https:\/\/encuentroinformativo.com.mx\/index.php?rest_route=\/wp\/v2\/users\/1"}],"replies":[{"embeddable":true,"href":"https:\/\/encuentroinformativo.com.mx\/index.php?rest_route=%2Fwp%2Fv2%2Fcomments&post=30921"}],"version-history":[{"count":1,"href":"https:\/\/encuentroinformativo.com.mx\/index.php?rest_route=\/wp\/v2\/posts\/30921\/revisions"}],"predecessor-version":[{"id":30923,"href":"https:\/\/encuentroinformativo.com.mx\/index.php?rest_route=\/wp\/v2\/posts\/30921\/revisions\/30923"}],"wp:featuredmedia":[{"embeddable":true,"href":"https:\/\/encuentroinformativo.com.mx\/index.php?rest_route=\/wp\/v2\/media\/30922"}],"wp:attachment":[{"href":"https:\/\/encuentroinformativo.com.mx\/index.php?rest_route=%2Fwp%2Fv2%2Fmedia&parent=30921"}],"wp:term":[{"taxonomy":"category","embeddable":true,"href":"https:\/\/encuentroinformativo.com.mx\/index.php?rest_route=%2Fwp%2Fv2%2Fcategories&post=30921"},{"taxonomy":"post_tag","embeddable":true,"href":"https:\/\/encuentroinformativo.com.mx\/index.php?rest_route=%2Fwp%2Fv2%2Ftags&post=30921"}],"curies":[{"name":"wp","href":"https:\/\/api.w.org\/{rel}","templated":true}]}}