{"id":30924,"date":"2022-08-25T09:35:57","date_gmt":"2022-08-25T14:35:57","guid":{"rendered":"https:\/\/encuentroinformativo.com.mx\/?p=30924"},"modified":"2022-08-25T09:36:00","modified_gmt":"2022-08-25T14:36:00","slug":"la-inseguridad-somete-a-la-region-de-maltrata-y-acultzingo","status":"publish","type":"post","link":"https:\/\/encuentroinformativo.com.mx\/?p=30924","title":{"rendered":"LA INSEGURIDAD SOMETE A LA REGI\u00d3N DE MALTRATA Y ACULTZINGO"},"content":{"rendered":"\n<p><strong>ColumnaSinNombre<br>@pablojair<\/strong><\/p>\n\n\n\n<ul class=\"wp-block-list\"><li>Que Salud no procede contra los suyos, aunque roben equipo.<\/li><li>PAN critica Ley Nahle, aunque Miguel Chiquito falsific\u00f3 residencia.<\/li><li>Otra vez las cochinadas de \u201cInmundo\u201d Andrade en Coatepec.<\/li><li>Que no gana la millonada y todo listo para clases presenciales.<\/li><\/ul>\n\n\n\n<p>No es \u201cgrilla\u201d: son hechos reales y preocupantes;<br>que no pueda \u201cLicha Villareal\u201d, es otro cantar.<br>\u2014Chopenjawer<\/p>\n\n\n\n<p>En las primeras horas del pasado s\u00e1bado 20 de agosto, un grupo de sicarios intent\u00f3 asaltar un autob\u00fas lleno de ni\u00f1as. Por los pocos datos que hay (la parte oficial es muy herm\u00e9tica) se sabe que muchas o todas eran menores de edad.<\/p>\n\n\n\n<p>Los hechos ocurrieron en la carretera Acultzingo-Tehuac\u00e1n, cuando las ni\u00f1as se dirig\u00edan a San Gabriel Chilac, en Puebla, para acudir a un retiro espiritual. En el camino tuvieron la desgracia de que se les aparecieron los asaltantes, pero el chofer no detuvo la marcha y fue entonces cuando rafaguearon el cami\u00f3n.<\/p>\n\n\n\n<p>El saldo: seis heridas, dos de ellas de gravedad. Bajo el argumento de que es un caso delicado y son menores de edad, la informaci\u00f3n fue reservada.<\/p>\n\n\n\n<p>Fuentes consultadas en la zona refieren un denominador com\u00fan muy grave: no hay vigilancia real en la cumbres de Maltrata y Acultzingo (ambas carreteras) Ni Seguridad P\u00fablica de Veracruz o Puebla, ni Guardia Nacional.<\/p>\n\n\n\n<p>Lo anterior es aprovechado por las bandas de delincuentes que se organizan para asaltar a los automovilistas: ponen \u201cestacas\u201d abajo y ponen \u201cestacas\u201d arriba, vigilan qui\u00e9n pasa, qui\u00e9n va manejando (sus presas favoritas son conductores solos o mujeres), dan el pitazo y a la mitad de la subida interceptan.<\/p>\n\n\n\n<p>En el caso de Maltrata, los sitios donde se colocan las \u201cestacas\u201d son las localidades de Magueyes o Balastrera (en la parte de abajo) y Esperanza (en la parte de arriba).<\/p>\n\n\n\n<p>Se trata de un tramo de aproximadamente 40 minutos.<\/p>\n\n\n\n<p>\u2014Es un buen.<br>\u2014Muy solitario. Mira, son bandas super armadas. Los pueblos que dan acceso al Pico de Orizaba por el lado de Esperanza son de puro malandr\u00edn.<br>\u2014\u00bfAlgunos que puedas mencionar?<br>\u2014Atzitzintla y Texmalaquilla. Son nidos de bandas. Ah\u00ed viven.<\/p>\n\n\n\n<p>Comentan que algunos alpinistas dejaron de ascender al Pico de Orizaba por esa zona de Esperanza. El \u00fanico lugar m\u00e1s o menos seguro es por Coscomatepec o Tlachichuca.<\/p>\n\n\n\n<p>\u201cYo dej\u00e9 de ir\u201d, comenta otra fuente, \u201cpor el chingo de asalto a turistas\u201d\u2026<\/p>\n\n\n\n<p>Comenta que hace como dos o tres a\u00f1os, un grupo de personas provenientes de la CDMX llegaron con veh\u00edculos todo terreno y super equipados para el ascenso, pero los asaltaron por Texmalaquilla. Les quitaron todo, los dejaron a pie \u201cy hasta el perro que llevaban de mascota se los chingaron\u201d.<\/p>\n\n\n\n<p>Pero la historia no acab\u00f3 ah\u00ed: los asaltados regresaron a Esperanza y pusieron la denuncia. Uno de los veh\u00edculos ten\u00eda GPS y lo ubicaron en una calle de Texmalaquilla y les dijeron a los ministeriales de Puebla que ya hab\u00edan ubicado el veh\u00edculo, que fueran para capturar a los delincuentes y recuperar los veh\u00edculos y al perro, pero los ministeriales dijeron que para entrar ah\u00ed necesitaban un ej\u00e9rcito.<\/p>\n\n\n\n<p>A otros los han asaltado del lado de La Perla, en Veracruz. Hace meses asaltaron all\u00ed a un periodista orizabe\u00f1o.<\/p>\n\n\n\n<p>Este tipo de situaciones no son nuevas y es curioso que sigan ocurriendo a cuatro a\u00f1os de la 4T tanto a nivel gobierno federal, como en Veracruz y Puebla. Se aprovechan de este \u201climbo\u201d geogr\u00e1fico donde los l\u00edmites de ambas entidades funcionan como refugio natural para los delincuentes.<\/p>\n\n\n\n<p>De no haber pasado lo de las ni\u00f1as, qui\u00e9n sabe entonces qu\u00e9 hubiese pasado m\u00e1s adelante, pero los asaltos son comunes y tambi\u00e9n se habla de taladores ilegales que se mueven en la regi\u00f3n como si nada.<\/p>\n\n\n\n<p>La pregunta obligada: \u00bftodas son bandas del Bukanas? \u00bfEl peligroso criminal que lleva a\u00f1os operando en la zona y nadie lo detiene?<\/p>\n\n\n\n<p>\u2014S\u00ed, son varias bandas, pero le rinden cuentas al Bukanas.<\/p>\n\n\n\n<p>Este martes, los titulares de Seguridad P\u00fablica de Veracruz y Puebla se reunieron en C\u00f3rdoba para emprender acciones y bla-bla-bla-bla-bla para combatir bla-bla-bla-bla-bla\u2026 Ya sabe: el choro de siempre, la foto de siempre, los acuerdos de siempre. Ausente, la Guardia Nacional.<\/p>\n\n\n\n<p>Casi al mismo tiempo, del lado de Puebla, fueron asaltados unos ciclistas profesionales que se encontraban entrenando para un certamen en Colombia. Como si fuese un mal chiste o presagio.<\/p>\n\n\n\n<p><strong>NOTA PARA PEGAR EN EL REFRI: <\/strong>Hace unos meses aqu\u00ed dimos a conocer el caso de una valiente mujer cuya expareja fue a esconderle a su casa \u2014en Coatepec\u2014 un equipo de ultrasonido que fue sustra\u00eddo de una bodega de la Secretar\u00eda de Salud. Bajo amenazas, el tipo la oblig\u00f3 a que escondiera el costoso aparato m\u00e9dico, hasta que la f\u00e9mina se envalenton\u00f3 y denunci\u00f3 oficialmente los hechos\u2026 Ya las autoridades de Salud tienen conocimiento del caso, pero los bur\u00f3cratas \u2014especialistas en valemadrismo\u2014 que llevan el tema en la Direcci\u00f3n Jur\u00eddica en la dependencia estatal, de plano dicen que no van a proceder contra uno de los suyos porque el caso es de \u201cproblemas maritales\u201d\u2026 As\u00ed con esa l\u00f3gica, cualquier empleado de la Secretar\u00eda de Salud puede robar un costoso equipo m\u00e9dico, llevarlo a casa de su pareja y luego decir que todo se trata de una venganza personal para que no lo investiguen ni procedan contra \u00e9l\u2026 Se sabe tambi\u00e9n que est\u00e1 extraviado un tom\u00f3grafo, que no es cualquier aparatito\u2026 Pero lo m\u00e1s sorprendente es que dicen que a ra\u00edz de la denuncia, pusieron a auditar internamente para verificar los documentos de los equipos extraviados y resulta que ni siquiera aparecen las facturas, por lo que el ultrasonido sigue en la casa de la denunciante, ech\u00e1ndose a perder, hasta que la burocracia se aplique o haya voluntad en las oficinas de Salud para resolver\u2026 \u00a1Qu\u00e9 desmadre se traen, de veras!\u2026 Al rato no se sorprendan si el aparato aparece en el basurero o frente a Palacio.<\/p>\n\n\n\n<p><strong>OTRA NOTA: <\/strong>Curioso que Marko Cort\u00e9s, dirigente nacional del PAN, en su visita a Veracruz, haya criticado la llamada Ley Nahle que \u201cnaturaliza\u201d a quienes habiendo nacido en otro estado, tienen toda su vida viviendo en tierras veracruzanas, pero no se acuerde que \u201cMiguel Chiquito\u201d uso documentos oficiales para falsear su residencia en el puerto cuando quiso ser alcalde, farsa por la cual se le tumb\u00f3 la candidatura y s\u00f3lo alcanz\u00f3 el rango de \u201cprimer damo\u201d en el Ayuntamiento donde manda su esposa Patricia Lobeira\u2026 Tampoco parece acordarse de la madriza que gente de los Yunes le puso a panistas identificados como simpatizantes del senador Julen Rementer\u00eda\u2026 \u00a1Ah, pero la Ley Nahle est\u00e1 mal!<\/p>\n\n\n\n<p><strong>OTRA NOTA EXTRA: <\/strong>Alguien que le diga al jefe del alcalde de Coatepec, \u201cInmundo\u201d Andrade, que por favor recoja el cochinero que tiene en La Ordu\u00f1a, donde tienen tres d\u00edas que no recogen la basura, cuando se supone que el cami\u00f3n recolector pasa los lunes\u2026 Otro retraso palpable fue en la zona de Campo Viejo, donde el cami\u00f3n se supone que pasa los martes, pero apenas este mi\u00e9rcoles por la tarde-noche se dign\u00f3 a recoger el tiradero\u2026 \u00bfDe plano as\u00ed vivir\u00e1 el alcalde entre la inmundicia y la cochinada?<\/p>\n\n\n\n<p><strong>LA \u00daLTIMA PORQUE PUKTA STAR+ NO JALA EN EL PUKTA FIRETV:<\/strong> En la conferencia de prensa del gobernador Cuitl\u00e1huac Garc\u00eda Jim\u00e9nez, este mi\u00e9rcoles, el secretario de Finanzas y Planeaci\u00f3n, Jos\u00e9 Luis Lima Franco, aclar\u00f3 la confusi\u00f3n que gener\u00f3 un medio de comunicaci\u00f3n respecto a los sueldos que perciben los integrantes del gabinete veracruzano. Desminti\u00f3, por ejemplo, que el titular de la Secretar\u00eda de Educaci\u00f3n de Veracruz, Zenyazen Escobar Garc\u00eda, gane m\u00e1s que el mandatario\u2026 En la misma conferencia realizada en Palacio de Gobierno, durante su intervenci\u00f3n, el titular de la SEV anunci\u00f3 que todo est\u00e1 listo para iniciar clases presenciales el pr\u00f3ximo lunes 29 de agosto en Educaci\u00f3n B\u00e1sica, correspondiente al ciclo escolar 2022-2023, en tanto que ayer martes fue la inauguraci\u00f3n del nivel Medio Superior y Superior\u2026 Dej\u00f3 claro que en este regreso a clases se aplicar\u00e1n los protocolos sanitarios para proteger la salud de la comunidad educativa.<\/p>\n","protected":false},"excerpt":{"rendered":"<p>ColumnaSinNombre@pablojair Que Salud no procede contra los suyos, aunque roben equipo. PAN critica Ley Nahle, aunque Miguel Chiquito falsific\u00f3 residencia. Otra vez las cochinadas de \u201cInmundo\u201d Andrade en Coatepec. Que no gana la millonada y todo listo para clases presenciales. No es \u201cgrilla\u201d: son hechos reales y preocupantes;que no pueda \u201cLicha Villareal\u201d, es otro cantar.\u2014Chopenjawer [&hellip;]<\/p>\n","protected":false},"author":1,"featured_media":488,"comment_status":"open","ping_status":"open","sticky":false,"template":"","format":"standard","meta":{"_jetpack_memberships_contains_paid_content":false,"footnotes":""},"categories":[11],"tags":[],"class_list":["post-30924","post","type-post","status-publish","format-standard","has-post-thumbnail","hentry","category-opinion"],"jetpack_featured_media_url":"https:\/\/encuentroinformativo.com.mx\/wp-content\/uploads\/2020\/03\/F471F608-BA1A-416B-BA7B-BCFB24F4E6D0.jpeg","jetpack_sharing_enabled":true,"jetpack_likes_enabled":true,"amp_enabled":true,"_links":{"self":[{"href":"https:\/\/encuentroinformativo.com.mx\/index.php?rest_route=\/wp\/v2\/posts\/30924","targetHints":{"allow":["GET"]}}],"collection":[{"href":"https:\/\/encuentroinformativo.com.mx\/index.php?rest_route=\/wp\/v2\/posts"}],"about":[{"href":"https:\/\/encuentroinformativo.com.mx\/index.php?rest_route=\/wp\/v2\/types\/post"}],"author":[{"embeddable":true,"href":"https:\/\/encuentroinformativo.com.mx\/index.php?rest_route=\/wp\/v2\/users\/1"}],"replies":[{"embeddable":true,"href":"https:\/\/encuentroinformativo.com.mx\/index.php?rest_route=%2Fwp%2Fv2%2Fcomments&post=30924"}],"version-history":[{"count":1,"href":"https:\/\/encuentroinformativo.com.mx\/index.php?rest_route=\/wp\/v2\/posts\/30924\/revisions"}],"predecessor-version":[{"id":30925,"href":"https:\/\/encuentroinformativo.com.mx\/index.php?rest_route=\/wp\/v2\/posts\/30924\/revisions\/30925"}],"wp:featuredmedia":[{"embeddable":true,"href":"https:\/\/encuentroinformativo.com.mx\/index.php?rest_route=\/wp\/v2\/media\/488"}],"wp:attachment":[{"href":"https:\/\/encuentroinformativo.com.mx\/index.php?rest_route=%2Fwp%2Fv2%2Fmedia&parent=30924"}],"wp:term":[{"taxonomy":"category","embeddable":true,"href":"https:\/\/encuentroinformativo.com.mx\/index.php?rest_route=%2Fwp%2Fv2%2Fcategories&post=30924"},{"taxonomy":"post_tag","embeddable":true,"href":"https:\/\/encuentroinformativo.com.mx\/index.php?rest_route=%2Fwp%2Fv2%2Ftags&post=30924"}],"curies":[{"name":"wp","href":"https:\/\/api.w.org\/{rel}","templated":true}]}}