{"id":30926,"date":"2022-08-25T09:42:00","date_gmt":"2022-08-25T14:42:00","guid":{"rendered":"https:\/\/encuentroinformativo.com.mx\/?p=30926"},"modified":"2022-08-25T09:42:04","modified_gmt":"2022-08-25T14:42:04","slug":"las-placas","status":"publish","type":"post","link":"https:\/\/encuentroinformativo.com.mx\/?p=30926","title":{"rendered":"LAS PLACAS"},"content":{"rendered":"\n<p><strong>Los Pol\u00edticos<\/strong><\/p>\n\n\n\n<p><strong>Salvador Mu\u00f1oz<\/strong><\/p>\n\n\n\n<p>\u00bfYa se enter\u00f3 de lo que pretenden en la Ciudad de M\u00e9xico? Si vive en la capirucha pero trae un carro con placas de otro estado \u00a1Multa!<\/p>\n\n\n\n<p>Esta decisi\u00f3n obedece, de acuerdo a lo expuesto por la Corcholata Sheinbaum, porque se detect\u00f3 que casi un 50 por ciento de los autos que circulan por la CdMx son emplacados en otros estados, principalmente en Morelos y Estado de M\u00e9xico zas, con la intenci\u00f3n de evadir impuestos\u2026 hay hasta agencias de autos que sugieren emplacar el carro en la entidad que elija el comprador\u2026 \u00a1Igual que ocurr\u00eda en Veracruz!<\/p>\n\n\n\n<p>Tranquilos chilangos\u2026 Esta multa s\u00f3lo aplicar\u00e1 para quienes adquirieron su unidad durante el 2022 y emplacaron por fuera.<\/p>\n\n\n\n<p>Esto hizo que recordara al Gobernador haciendo un exhorto a los ciudadanos para que se pongan al corriente con sus derechos vehiculares, tenencia y canje de placas anteriores al 2017\u2026 es m\u00e1s, hasta record\u00f3 la oferta que tienen en Sefiplan para que deje uno de ser \u201cdesobligado\u201d:<\/p>\n\n\n\n<p>Hasta el 30 de septiembre, 70% de descuento en tenencia, multas, recargos y actualizaciones (con deuda) y 75% en canje de placas (estando al corriente); mientras que del 1 de octubre al 31 de diciembre, ser\u00e1 \u00fanicamente del 50%.<\/p>\n\n\n\n<p>Hasta ac\u00e1, creo que es la misma cantaleta de la mayor\u00eda de los gobiernos cuando se trata de que el ciudadano cumpla con sus \u201cauto-obligaciones\u201d&#8230;<\/p>\n\n\n\n<p>Hay que entender que en el canje de placas, su fin primario no es recaudatorio, sino de control en el padr\u00f3n vehicular, adem\u00e1s de que no todos est\u00e1n obligados a hacer el cambalache: las emitidas en 2017 con borde gris y azul, el canje es voluntario y seguir\u00e1 vigente ese modelo de placa.<\/p>\n\n\n\n<p>Lo que s\u00ed preocupa son las declaraciones de Cuitl\u00e1huac Garc\u00eda con respecto a qu\u00e9 ocurrir\u00e1 si el due\u00f1o del veh\u00edculo no se puso al corriente en estos menesteres\u2026 transcribo lo que dice:<\/p>\n\n\n\n<p>\u201cY pasaaandooo diciembreee \/ en enero, febrero, marzo \/ entrar\u00e1 el operativo para decirle a la persona \/ \u2018ya no puede circular con su carro\u2019 \/ tiene que ir a pagar a Hacienda todo al 100 \/ por ciento \/ sin descuentos\u201d.<\/p>\n\n\n\n<p>Con esta \u201camenaza\u201d (dixit Julen Rementer\u00eda) o \u201cadvertencia\u201d, \u00bfcu\u00e1ntos de los 350 mil veracruzanos que no est\u00e1n al corriente, creen que ya est\u00e9n pensando en actualizar su estatus ante Hacienda del Estado, para pasar de Morosos a Pueblo Bueno?<\/p>\n\n\n\n<p>A como van en esta administraci\u00f3n, porque siempre piensan en todo, es seguro que ya haya \u201clisitaciones\u201d (de irse \u201clisos\u201d) para empresas que trabajen m\u00e1s corralones (porque no se van a dar abasto) o las que ya est\u00e1n, piensen en la ampliaci\u00f3n de sus instalaciones hacia arriba, como hacen en los estacionamientos de restaurantes, como el Asadero 100 (gol de cortes\u00eda).<\/p>\n\n\n\n<p>Hace unos d\u00edas, par\u00e9 detr\u00e1s de un Cadillac con placas de Duarte (las arcoiris) y la pregunta surge: \u201ca ver mamal\u00f3n\u2026 andas en un carro de lujo \u00bfpero no puedes hacer el canje de placas?\u201d<\/p>\n\n\n\n<p>Es m\u00e1s, cuesti\u00f3n de andar de ocioso, \u00bfcu\u00e1ntas unidades no andan por ah\u00ed con placas del Taj\u00edn (que creo que son de tiempos del T\u00edo Fide)?<\/p>\n\n\n\n<p>\u00a1Todav\u00eda \u201cpior\u201d! \u00bfCu\u00e1ntos funcionarios no vemos en sus camionetotas todas bonitas, lujosas, pero con placas de Tlaxcala u otras entidades porque no hay tenencia en unas o son m\u00e1s c\u00f3modos los tr\u00e1mites en otras? Remember Tula Guerrero!<\/p>\n\n\n\n<p>Sinceramente no veo a los agentes de Tr\u00e1nsito parando a los veracruzanos a partir del 2023 porque no pudieron, quisieron, tuvieron para ponerse al corriente\u2026 hay que recordar que en estos tiempos, desde el m\u00e1s fif\u00ed hasta el m\u00e1s Pueblo trae carro y una medida antipopular previa al 2024, como con la que amenaz\u00f3 o advirti\u00f3 Cuic, nom\u00e1s tiene cabida en su cabecita\u2026<\/p>\n\n\n\n<p><a href=\"mailto:smcainito@gmail.com\" target=\"_blank\" rel=\"noreferrer noopener\">smcainito@gmail.com<\/a><\/p>\n","protected":false},"excerpt":{"rendered":"<p>Los Pol\u00edticos Salvador Mu\u00f1oz \u00bfYa se enter\u00f3 de lo que pretenden en la Ciudad de M\u00e9xico? Si vive en la capirucha pero trae un carro con placas de otro estado \u00a1Multa! Esta decisi\u00f3n obedece, de acuerdo a lo expuesto por la Corcholata Sheinbaum, porque se detect\u00f3 que casi un 50 por ciento de los autos [&hellip;]<\/p>\n","protected":false},"author":1,"featured_media":387,"comment_status":"open","ping_status":"open","sticky":false,"template":"","format":"standard","meta":{"_jetpack_memberships_contains_paid_content":false,"footnotes":""},"categories":[11],"tags":[],"class_list":["post-30926","post","type-post","status-publish","format-standard","has-post-thumbnail","hentry","category-opinion"],"jetpack_featured_media_url":"https:\/\/encuentroinformativo.com.mx\/wp-content\/uploads\/2020\/03\/7CF8A22B-2764-47BE-8F7F-38FE9E5D6A2F.jpeg","jetpack_sharing_enabled":true,"jetpack_likes_enabled":true,"amp_enabled":true,"_links":{"self":[{"href":"https:\/\/encuentroinformativo.com.mx\/index.php?rest_route=\/wp\/v2\/posts\/30926","targetHints":{"allow":["GET"]}}],"collection":[{"href":"https:\/\/encuentroinformativo.com.mx\/index.php?rest_route=\/wp\/v2\/posts"}],"about":[{"href":"https:\/\/encuentroinformativo.com.mx\/index.php?rest_route=\/wp\/v2\/types\/post"}],"author":[{"embeddable":true,"href":"https:\/\/encuentroinformativo.com.mx\/index.php?rest_route=\/wp\/v2\/users\/1"}],"replies":[{"embeddable":true,"href":"https:\/\/encuentroinformativo.com.mx\/index.php?rest_route=%2Fwp%2Fv2%2Fcomments&post=30926"}],"version-history":[{"count":1,"href":"https:\/\/encuentroinformativo.com.mx\/index.php?rest_route=\/wp\/v2\/posts\/30926\/revisions"}],"predecessor-version":[{"id":30927,"href":"https:\/\/encuentroinformativo.com.mx\/index.php?rest_route=\/wp\/v2\/posts\/30926\/revisions\/30927"}],"wp:featuredmedia":[{"embeddable":true,"href":"https:\/\/encuentroinformativo.com.mx\/index.php?rest_route=\/wp\/v2\/media\/387"}],"wp:attachment":[{"href":"https:\/\/encuentroinformativo.com.mx\/index.php?rest_route=%2Fwp%2Fv2%2Fmedia&parent=30926"}],"wp:term":[{"taxonomy":"category","embeddable":true,"href":"https:\/\/encuentroinformativo.com.mx\/index.php?rest_route=%2Fwp%2Fv2%2Fcategories&post=30926"},{"taxonomy":"post_tag","embeddable":true,"href":"https:\/\/encuentroinformativo.com.mx\/index.php?rest_route=%2Fwp%2Fv2%2Ftags&post=30926"}],"curies":[{"name":"wp","href":"https:\/\/api.w.org\/{rel}","templated":true}]}}