{"id":30928,"date":"2022-08-25T10:48:05","date_gmt":"2022-08-25T15:48:05","guid":{"rendered":"https:\/\/encuentroinformativo.com.mx\/?p=30928"},"modified":"2022-08-25T10:48:07","modified_gmt":"2022-08-25T15:48:07","slug":"regularizan-a-locatarios-de-mercados-en-veracruz-puerto","status":"publish","type":"post","link":"https:\/\/encuentroinformativo.com.mx\/?p=30928","title":{"rendered":"Regularizan a locatarios de mercados en Veracruz Puerto"},"content":{"rendered":"\n<p><strong>Alejandro \u00c1vila<\/strong><\/p>\n\n\n\n<p>Veracruz, Ver.- El pasado lunes 22 de agosto se aprob\u00f3 por mayor\u00eda en el Cabildo de Veracruz, la expedici\u00f3n de 495 c\u00e9dulas de empadronamiento, con lo cual se culmina el tr\u00e1mite de regularizaci\u00f3n del mismo n\u00famero de comerciantes de los mercados municipales.<\/p>\n\n\n\n<p>Esto, mencion\u00f3 la regidora, Sonia Colorado Alfonso, les dar\u00e1 certeza jur\u00eddica a los comerciantes; adem\u00e1s, aclar\u00f3, qu\u00e9 con esta c\u00e9dula tambi\u00e9n quedan regulados en el C\u00f3digo Hacendario que rige al municipio de Veracruz.<\/p>\n\n\n\n<p>&#8220;Muchos locatarios, en muchas ocasiones dejan pasar el tiempo, no se regularizan y en esa regularizaci\u00f3n pueden actualizar sus datos, pueden obtener cesi\u00f3n de derechos, y muchos tr\u00e1mites que deben realizar a trav\u00e9s de la subdirecci\u00f3n de Mercados, dependiente de la direcci\u00f3n de Comercio&#8221;, mencion\u00f3.<\/p>\n\n\n\n<p>La edil panista explico qu\u00e9, la regularizaci\u00f3n trae consigo muchos beneficios, entre ellos, en caso de deceso, qu\u00e9 alg\u00fan familiar pueda continuar con el legado comercial del titular finado.<\/p>\n\n\n\n<p>&#8220;S\u00ed, tienen que demostrar con toda la documentaci\u00f3n qu\u00e9 es la persona qu\u00e9 en determinado momento el locatario que ten\u00eda el uso ese local, pues se lo haya cedido el espacio. Pero s\u00ed son varios tr\u00e1mites, muchos son por cesi\u00f3n de derecho, muchos son actualizaci\u00f3n de datos y as\u00ed, pero toda esa parte administrativa la lleva la subdirecci\u00f3n de Mercados&#8221;, puntualiz\u00f3.<\/p>\n\n\n\n<p>Sonia Colorado Alfonso mencion\u00f3 que, el padr\u00f3n asciende a 3 800 locatarios en los mercados municipales; y al momento resta solo el 17 por ciento de locatarios por regularizar.<\/p>\n\n\n\n<p>&#8220;De hecho esto es en constante movimiento, se puede ir actualizando el padr\u00f3n, y actualmente en forma digital se captura esa informaci\u00f3n, ahorita por el cambio de administraci\u00f3n y por instrucciones de alcaldesa, se est\u00e1 actualizando el sistema donde se captura la informaci\u00f3n de todos los locatarios, y vamos a mover la informaci\u00f3n al sistema que est\u00e1 manejando actualmente Innovaci\u00f3n, para qu\u00e9 en determinado momento toda esta informaci\u00f3n tambi\u00e9n se suba a la p\u00e1gina de transparencia como corresponde, y eso ya tambi\u00e9n lo estamos trabajando con la direcci\u00f3n de Comercio&#8221;, culmin\u00f3.<\/p>\n","protected":false},"excerpt":{"rendered":"<p>Alejandro \u00c1vila Veracruz, Ver.- El pasado lunes 22 de agosto se aprob\u00f3 por mayor\u00eda en el Cabildo de Veracruz, la expedici\u00f3n de 495 c\u00e9dulas de empadronamiento, con lo cual se culmina el tr\u00e1mite de regularizaci\u00f3n del mismo n\u00famero de comerciantes de los mercados municipales. Esto, mencion\u00f3 la regidora, Sonia Colorado Alfonso, les dar\u00e1 certeza jur\u00eddica [&hellip;]<\/p>\n","protected":false},"author":1,"featured_media":30929,"comment_status":"open","ping_status":"open","sticky":false,"template":"","format":"standard","meta":{"_jetpack_memberships_contains_paid_content":false,"footnotes":""},"categories":[2],"tags":[],"class_list":["post-30928","post","type-post","status-publish","format-standard","has-post-thumbnail","hentry","category-estado"],"jetpack_featured_media_url":"https:\/\/encuentroinformativo.com.mx\/wp-content\/uploads\/2022\/08\/B3C86280-0B2B-4D7D-8D13-0BCAD6711D7F.jpeg","jetpack_sharing_enabled":true,"jetpack_likes_enabled":true,"amp_enabled":true,"_links":{"self":[{"href":"https:\/\/encuentroinformativo.com.mx\/index.php?rest_route=\/wp\/v2\/posts\/30928","targetHints":{"allow":["GET"]}}],"collection":[{"href":"https:\/\/encuentroinformativo.com.mx\/index.php?rest_route=\/wp\/v2\/posts"}],"about":[{"href":"https:\/\/encuentroinformativo.com.mx\/index.php?rest_route=\/wp\/v2\/types\/post"}],"author":[{"embeddable":true,"href":"https:\/\/encuentroinformativo.com.mx\/index.php?rest_route=\/wp\/v2\/users\/1"}],"replies":[{"embeddable":true,"href":"https:\/\/encuentroinformativo.com.mx\/index.php?rest_route=%2Fwp%2Fv2%2Fcomments&post=30928"}],"version-history":[{"count":1,"href":"https:\/\/encuentroinformativo.com.mx\/index.php?rest_route=\/wp\/v2\/posts\/30928\/revisions"}],"predecessor-version":[{"id":30930,"href":"https:\/\/encuentroinformativo.com.mx\/index.php?rest_route=\/wp\/v2\/posts\/30928\/revisions\/30930"}],"wp:featuredmedia":[{"embeddable":true,"href":"https:\/\/encuentroinformativo.com.mx\/index.php?rest_route=\/wp\/v2\/media\/30929"}],"wp:attachment":[{"href":"https:\/\/encuentroinformativo.com.mx\/index.php?rest_route=%2Fwp%2Fv2%2Fmedia&parent=30928"}],"wp:term":[{"taxonomy":"category","embeddable":true,"href":"https:\/\/encuentroinformativo.com.mx\/index.php?rest_route=%2Fwp%2Fv2%2Fcategories&post=30928"},{"taxonomy":"post_tag","embeddable":true,"href":"https:\/\/encuentroinformativo.com.mx\/index.php?rest_route=%2Fwp%2Fv2%2Ftags&post=30928"}],"curies":[{"name":"wp","href":"https:\/\/api.w.org\/{rel}","templated":true}]}}