{"id":30934,"date":"2022-08-25T12:44:33","date_gmt":"2022-08-25T17:44:33","guid":{"rendered":"https:\/\/encuentroinformativo.com.mx\/?p=30934"},"modified":"2022-08-25T12:44:37","modified_gmt":"2022-08-25T17:44:37","slug":"regresan-actividades-presenciales-de-la-filu","status":"publish","type":"post","link":"https:\/\/encuentroinformativo.com.mx\/?p=30934","title":{"rendered":"Regresan actividades presenciales de la FILU"},"content":{"rendered":"\n<p><strong>Juan Arcos <\/strong><\/p>\n\n\n\n<p>Xalapa, Ver.- Despu\u00e9s de dos a\u00f1os de pandemia por Sars-Cov2 (Covid-19) regresar\u00e1n las actividades presenciales de la Feria Internacional del Libro Universitario (FILU), cuyo pa\u00eds invitado es la Rep\u00fablica de Chile.<\/p>\n\n\n\n<p>De acuerdo con la coordinadora general de la FILU 2022, Judith P\u00e1ez Paniagua, se retomar\u00e1n las actividades culturales y art\u00edsticas en la Casa del Lago de la Universidad Veracruzana.<\/p>\n\n\n\n<p>Se contemplan 339 actividades y 500 sellos editoriales como parte de este evento, mismas que tambi\u00e9n se desarrollar\u00e1n Unidad Acad\u00e9mica de Artes.<\/p>\n\n\n\n<p>En conferencia de prensa, la acad\u00e9mica se\u00f1al\u00f3 que la \u201ccolumna vertebral\u201d de la FILU es el foro acad\u00e9mico \u201cTiempos de Cambio: movimientos sociales, democracia y pol\u00edticas p\u00fablicas\u201d.<\/p>\n\n\n\n<p>Entre los temas que se abordar\u00e1n en este foro se encuentran las desapariciones forzadas y la lucha de madres y familiares que salen a las calles para exigir su aparici\u00f3n.<\/p>\n\n\n\n<p>Tambi\u00e9n se hablar\u00e1 de formas de gobierno, derechos humanos, movimientos estudiantiles, la evoluci\u00f3n generacional, recursos humanos en ciencias de la salud, violencia de g\u00e9nero y feminicidios, por mencionar algunos aspectos.<\/p>\n\n\n\n<p>El evento se llevar\u00e1 a cabo del 2 al 11 de septiembre, con entrada libre en un horario de 11 de la ma\u00f1ana a nueve de la noche.<\/p>\n\n\n\n<p>Durante esta vig\u00e9simo s\u00e9ptima edici\u00f3n de la FILU, ser\u00e1n entregados reconocimientos a escritores como el cubano \u00c9dgar S\u00e1nchez Hern\u00e1ndez; el Doctorado Honoris Causa, el primero a Ronal Ferrera Serrato (Qu\u00edmico bacteriol\u00f3go) as\u00ed como tambi\u00e9n, a Aurelio de los Reyes por sus aportaciones en la cinematograf\u00eda.<\/p>\n\n\n\n<p>Tambi\u00e9n se entregar\u00e1n medallas al M\u00e9rito Universidad Veracruzana, el primero ser\u00e1 para el director de la Biblioteca Nacional de Chile, Pedro Pablo Zegers; Arturo Alvarado Mendoza, soci\u00f3logo. Adem\u00e1s ser\u00e1n proporcionadas medalla estatales a Jorge Castillo Rodr\u00edguez, maestro de generaciones de actores universitarios.<\/p>\n\n\n\n<p>En la FILU tambi\u00e9n se entregar\u00e1n premios nacionales para j\u00f3venes &#8220;Luis Arturo Ramos&#8221; (sobre poes\u00eda) y el ensayo &#8220;Carlos Fuentes&#8221;.<\/p>\n\n\n\n<p>La inauguraci\u00f3n ser\u00e1 el pr\u00f3ximo 2 de septiembre en la Casa del Lago UV, que se encuentra en el barrio de El Dique.<\/p>\n","protected":false},"excerpt":{"rendered":"<p>Juan Arcos Xalapa, Ver.- Despu\u00e9s de dos a\u00f1os de pandemia por Sars-Cov2 (Covid-19) regresar\u00e1n las actividades presenciales de la Feria Internacional del Libro Universitario (FILU), cuyo pa\u00eds invitado es la Rep\u00fablica de Chile. De acuerdo con la coordinadora general de la FILU 2022, Judith P\u00e1ez Paniagua, se retomar\u00e1n las actividades culturales y art\u00edsticas en la [&hellip;]<\/p>\n","protected":false},"author":1,"featured_media":30935,"comment_status":"open","ping_status":"open","sticky":false,"template":"","format":"standard","meta":{"_jetpack_memberships_contains_paid_content":false,"footnotes":""},"categories":[3],"tags":[],"class_list":["post-30934","post","type-post","status-publish","format-standard","has-post-thumbnail","hentry","category-xalapa"],"jetpack_featured_media_url":"https:\/\/encuentroinformativo.com.mx\/wp-content\/uploads\/2022\/08\/6DDD6C66-B84E-41B6-A37D-73475916189F.jpeg","jetpack_sharing_enabled":true,"jetpack_likes_enabled":true,"amp_enabled":true,"_links":{"self":[{"href":"https:\/\/encuentroinformativo.com.mx\/index.php?rest_route=\/wp\/v2\/posts\/30934","targetHints":{"allow":["GET"]}}],"collection":[{"href":"https:\/\/encuentroinformativo.com.mx\/index.php?rest_route=\/wp\/v2\/posts"}],"about":[{"href":"https:\/\/encuentroinformativo.com.mx\/index.php?rest_route=\/wp\/v2\/types\/post"}],"author":[{"embeddable":true,"href":"https:\/\/encuentroinformativo.com.mx\/index.php?rest_route=\/wp\/v2\/users\/1"}],"replies":[{"embeddable":true,"href":"https:\/\/encuentroinformativo.com.mx\/index.php?rest_route=%2Fwp%2Fv2%2Fcomments&post=30934"}],"version-history":[{"count":1,"href":"https:\/\/encuentroinformativo.com.mx\/index.php?rest_route=\/wp\/v2\/posts\/30934\/revisions"}],"predecessor-version":[{"id":30936,"href":"https:\/\/encuentroinformativo.com.mx\/index.php?rest_route=\/wp\/v2\/posts\/30934\/revisions\/30936"}],"wp:featuredmedia":[{"embeddable":true,"href":"https:\/\/encuentroinformativo.com.mx\/index.php?rest_route=\/wp\/v2\/media\/30935"}],"wp:attachment":[{"href":"https:\/\/encuentroinformativo.com.mx\/index.php?rest_route=%2Fwp%2Fv2%2Fmedia&parent=30934"}],"wp:term":[{"taxonomy":"category","embeddable":true,"href":"https:\/\/encuentroinformativo.com.mx\/index.php?rest_route=%2Fwp%2Fv2%2Fcategories&post=30934"},{"taxonomy":"post_tag","embeddable":true,"href":"https:\/\/encuentroinformativo.com.mx\/index.php?rest_route=%2Fwp%2Fv2%2Ftags&post=30934"}],"curies":[{"name":"wp","href":"https:\/\/api.w.org\/{rel}","templated":true}]}}