{"id":30943,"date":"2022-08-25T13:01:10","date_gmt":"2022-08-25T18:01:10","guid":{"rendered":"https:\/\/encuentroinformativo.com.mx\/?p=30943"},"modified":"2022-08-25T13:01:13","modified_gmt":"2022-08-25T18:01:13","slug":"seguira-en-instancias-legales-advierte-ex-magistrada","status":"publish","type":"post","link":"https:\/\/encuentroinformativo.com.mx\/?p=30943","title":{"rendered":"Seguir\u00e1 en instancias legales, advierte ex magistrada"},"content":{"rendered":"\n<p>Xalapa, Ver.- La ahora ex magistrada del Poder Judicial de Veracruz, Mar\u00eda Concepci\u00f3n Flores Saviaga, dijo que acudir\u00e1 a instancias internacionales para hacer valer sus derechos, tras ser notificada de su retiro forzoso del Tribunal Del Poder Judicial por motivo de su edad.<\/p>\n\n\n\n<p>Ofreci\u00f3 conferencia de prensa en conocido caf\u00e9, para dar a conocer su postura sobre la situaci\u00f3n que enfrenta. <\/p>\n","protected":false},"excerpt":{"rendered":"<p>Xalapa, Ver.- La ahora ex magistrada del Poder Judicial de Veracruz, Mar\u00eda Concepci\u00f3n Flores Saviaga, dijo que acudir\u00e1 a instancias internacionales para hacer valer sus derechos, tras ser notificada de su retiro forzoso del Tribunal Del Poder Judicial por motivo de su edad. Ofreci\u00f3 conferencia de prensa en conocido caf\u00e9, para dar a conocer su [&hellip;]<\/p>\n","protected":false},"author":1,"featured_media":30944,"comment_status":"open","ping_status":"open","sticky":false,"template":"","format":"standard","meta":{"_jetpack_memberships_contains_paid_content":false,"footnotes":""},"categories":[2],"tags":[],"class_list":["post-30943","post","type-post","status-publish","format-standard","has-post-thumbnail","hentry","category-estado"],"jetpack_featured_media_url":"https:\/\/encuentroinformativo.com.mx\/wp-content\/uploads\/2022\/08\/E46B0EFB-9407-4D2F-AA2C-3D99EBDBFDCD.jpeg","jetpack_sharing_enabled":true,"jetpack_likes_enabled":true,"amp_enabled":true,"_links":{"self":[{"href":"https:\/\/encuentroinformativo.com.mx\/index.php?rest_route=\/wp\/v2\/posts\/30943","targetHints":{"allow":["GET"]}}],"collection":[{"href":"https:\/\/encuentroinformativo.com.mx\/index.php?rest_route=\/wp\/v2\/posts"}],"about":[{"href":"https:\/\/encuentroinformativo.com.mx\/index.php?rest_route=\/wp\/v2\/types\/post"}],"author":[{"embeddable":true,"href":"https:\/\/encuentroinformativo.com.mx\/index.php?rest_route=\/wp\/v2\/users\/1"}],"replies":[{"embeddable":true,"href":"https:\/\/encuentroinformativo.com.mx\/index.php?rest_route=%2Fwp%2Fv2%2Fcomments&post=30943"}],"version-history":[{"count":1,"href":"https:\/\/encuentroinformativo.com.mx\/index.php?rest_route=\/wp\/v2\/posts\/30943\/revisions"}],"predecessor-version":[{"id":30945,"href":"https:\/\/encuentroinformativo.com.mx\/index.php?rest_route=\/wp\/v2\/posts\/30943\/revisions\/30945"}],"wp:featuredmedia":[{"embeddable":true,"href":"https:\/\/encuentroinformativo.com.mx\/index.php?rest_route=\/wp\/v2\/media\/30944"}],"wp:attachment":[{"href":"https:\/\/encuentroinformativo.com.mx\/index.php?rest_route=%2Fwp%2Fv2%2Fmedia&parent=30943"}],"wp:term":[{"taxonomy":"category","embeddable":true,"href":"https:\/\/encuentroinformativo.com.mx\/index.php?rest_route=%2Fwp%2Fv2%2Fcategories&post=30943"},{"taxonomy":"post_tag","embeddable":true,"href":"https:\/\/encuentroinformativo.com.mx\/index.php?rest_route=%2Fwp%2Fv2%2Ftags&post=30943"}],"curies":[{"name":"wp","href":"https:\/\/api.w.org\/{rel}","templated":true}]}}