{"id":30946,"date":"2022-08-25T13:08:05","date_gmt":"2022-08-25T18:08:05","guid":{"rendered":"https:\/\/encuentroinformativo.com.mx\/?p=30946"},"modified":"2022-08-25T13:08:09","modified_gmt":"2022-08-25T18:08:09","slug":"elevan-globos-de-cantoya-en-xalapa","status":"publish","type":"post","link":"https:\/\/encuentroinformativo.com.mx\/?p=30946","title":{"rendered":"Elevan globos de cantoya en Xalapa"},"content":{"rendered":"\n<p><strong>Juan Arcos<\/strong><\/p>\n\n\n\n<p>Xalapa, Ver.- Artesanos elevaron globos de cantoya en el parque Benito Ju\u00e1rez de esta ciudad de Xalapa para anunciar su festival, a realizarse en San Andr\u00e9s Tuxtla durante los d\u00edas 16 y 17 de septiembre en el campo deportivo 1\u00ba de Mayo.<\/p>\n\n\n\n<p>De acuerdo con Carlos de Jes\u00fas Pucheta y Fernando Bustamante, se busca la reactivaci\u00f3n econ\u00f3mica en dicho municipio, ubicado en la zona sur de la entidad veracruzana.<\/p>\n\n\n\n<p>Los ciudadanos invitaron a la poblaci\u00f3n para que acudan a las actividades culturales que est\u00e1n programadas.<\/p>\n\n\n\n<p>\u201cEste es el globo t\u00edpico de nuestra regi\u00f3n. Hacemos el globo de la ilama que es una fruta de nuestra zona y hemos llegado hacer el globo de mil 200 picos. Ya tenemos el r\u00e9cord guinnes de la ilama m\u00e1s numerosa que se ha soltado en San Andr\u00e9s\u201d, expresaron.<\/p>\n\n\n\n<p>Comentaron que la elaboraci\u00f3n de estos globos les lleva hasta 25 d\u00edas, dependiendo de los adornos y figuras de cada pieza.<\/p>\n\n\n\n<p>Adem\u00e1s, mencionaron que tardan cerca de 15 minutos en elevar cada uno de los globos elaborados de manera artesanal.\u00a0<br>Los artesanos tambi\u00e9n han participado en festivales en Zozocolco, en la regi\u00f3n del Totonacapan, ubicada al norte de Veracruz, as\u00ed como en Paracho, Michoac\u00e1n.<\/p>\n\n\n\n<p>\u201cVamos a participar otra vez en Zozocolco en el concurso para representar a San Andr\u00e9s Tuxtla&#8221;, enfatizaron los entrevistados.<\/p>\n\n\n\n<figure class=\"wp-block-image size-large\"><img loading=\"lazy\" decoding=\"async\" width=\"1024\" height=\"768\" src=\"https:\/\/encuentroinformativo.com.mx\/wp-content\/uploads\/2022\/08\/E4213E68-7752-45E1-BE24-05F5494BDD6A-1024x768.jpeg\" alt=\"\" class=\"wp-image-30948\" srcset=\"https:\/\/encuentroinformativo.com.mx\/wp-content\/uploads\/2022\/08\/E4213E68-7752-45E1-BE24-05F5494BDD6A-1024x768.jpeg 1024w, https:\/\/encuentroinformativo.com.mx\/wp-content\/uploads\/2022\/08\/E4213E68-7752-45E1-BE24-05F5494BDD6A-300x225.jpeg 300w, https:\/\/encuentroinformativo.com.mx\/wp-content\/uploads\/2022\/08\/E4213E68-7752-45E1-BE24-05F5494BDD6A-768x576.jpeg 768w, https:\/\/encuentroinformativo.com.mx\/wp-content\/uploads\/2022\/08\/E4213E68-7752-45E1-BE24-05F5494BDD6A-1536x1152.jpeg 1536w, https:\/\/encuentroinformativo.com.mx\/wp-content\/uploads\/2022\/08\/E4213E68-7752-45E1-BE24-05F5494BDD6A.jpeg 2016w\" sizes=\"auto, (max-width: 1024px) 100vw, 1024px\" \/><\/figure>\n","protected":false},"excerpt":{"rendered":"<p>Juan Arcos Xalapa, Ver.- Artesanos elevaron globos de cantoya en el parque Benito Ju\u00e1rez de esta ciudad de Xalapa para anunciar su festival, a realizarse en San Andr\u00e9s Tuxtla durante los d\u00edas 16 y 17 de septiembre en el campo deportivo 1\u00ba de Mayo. De acuerdo con Carlos de Jes\u00fas Pucheta y Fernando Bustamante, se [&hellip;]<\/p>\n","protected":false},"author":1,"featured_media":30947,"comment_status":"open","ping_status":"open","sticky":false,"template":"","format":"standard","meta":{"_jetpack_memberships_contains_paid_content":false,"footnotes":""},"categories":[2],"tags":[],"class_list":["post-30946","post","type-post","status-publish","format-standard","has-post-thumbnail","hentry","category-estado"],"jetpack_featured_media_url":"https:\/\/encuentroinformativo.com.mx\/wp-content\/uploads\/2022\/08\/450ADC10-12FA-4044-AF25-9296FB6FFF19.jpeg","jetpack_sharing_enabled":true,"jetpack_likes_enabled":true,"amp_enabled":true,"_links":{"self":[{"href":"https:\/\/encuentroinformativo.com.mx\/index.php?rest_route=\/wp\/v2\/posts\/30946","targetHints":{"allow":["GET"]}}],"collection":[{"href":"https:\/\/encuentroinformativo.com.mx\/index.php?rest_route=\/wp\/v2\/posts"}],"about":[{"href":"https:\/\/encuentroinformativo.com.mx\/index.php?rest_route=\/wp\/v2\/types\/post"}],"author":[{"embeddable":true,"href":"https:\/\/encuentroinformativo.com.mx\/index.php?rest_route=\/wp\/v2\/users\/1"}],"replies":[{"embeddable":true,"href":"https:\/\/encuentroinformativo.com.mx\/index.php?rest_route=%2Fwp%2Fv2%2Fcomments&post=30946"}],"version-history":[{"count":1,"href":"https:\/\/encuentroinformativo.com.mx\/index.php?rest_route=\/wp\/v2\/posts\/30946\/revisions"}],"predecessor-version":[{"id":30949,"href":"https:\/\/encuentroinformativo.com.mx\/index.php?rest_route=\/wp\/v2\/posts\/30946\/revisions\/30949"}],"wp:featuredmedia":[{"embeddable":true,"href":"https:\/\/encuentroinformativo.com.mx\/index.php?rest_route=\/wp\/v2\/media\/30947"}],"wp:attachment":[{"href":"https:\/\/encuentroinformativo.com.mx\/index.php?rest_route=%2Fwp%2Fv2%2Fmedia&parent=30946"}],"wp:term":[{"taxonomy":"category","embeddable":true,"href":"https:\/\/encuentroinformativo.com.mx\/index.php?rest_route=%2Fwp%2Fv2%2Fcategories&post=30946"},{"taxonomy":"post_tag","embeddable":true,"href":"https:\/\/encuentroinformativo.com.mx\/index.php?rest_route=%2Fwp%2Fv2%2Ftags&post=30946"}],"curies":[{"name":"wp","href":"https:\/\/api.w.org\/{rel}","templated":true}]}}