{"id":30957,"date":"2022-08-25T13:37:25","date_gmt":"2022-08-25T18:37:25","guid":{"rendered":"https:\/\/encuentroinformativo.com.mx\/?p=30957"},"modified":"2022-08-25T13:37:29","modified_gmt":"2022-08-25T18:37:29","slug":"exhorta-delegado-a-inscribirse-a-fase-experimental-de-vacuna-patria","status":"publish","type":"post","link":"https:\/\/encuentroinformativo.com.mx\/?p=30957","title":{"rendered":"Exhorta delegado a inscribirse a fase experimental de vacuna Patria"},"content":{"rendered":"\n<p><strong>Alejandro \u00c1vila<\/strong><\/p>\n\n\n\n<p>Boca del R\u00edo, Ver.- El pr\u00f3ximo 29 de agosto es el \u00faltimo d\u00eda de inscripci\u00f3n para que los mexicanos puedan recibir la vacuna anti COVID, Patria, inform\u00f3 el delegado federal, Manuel Huerta Ladr\u00f3n de Guevara.<\/p>\n\n\n\n<p>El funcionario veracruzano destac\u00f3 que esta es la \u00faltima etapa previo a su probable aprobaci\u00f3n a nivel internacional.<\/p>\n\n\n\n<p>&#8220;El 29 de agosto se vence el plazo para inscribirse a los niveles de experimentaci\u00f3n qu\u00e9 vamos a tener con la vacuna Patria en nuestro pa\u00eds. Recordarle a la poblaci\u00f3n en el sitio&nbsp;vacunapatria.conacyt.mx, hasta el 29 se pueden inscribir para ser parte de este \u00faltimo momento de la creaci\u00f3n de la vacuna&#8221;, subray\u00f3.<\/p>\n\n\n\n<p>Manuel Huerta detall\u00f3 que, las vacunas se aplicar\u00e1n en los meses de octubre y noviembre, esperando qu\u00e9 para el mes de diciembre el prototipo de la vacuna mexicana Patria sea aprobado.<\/p>\n\n\n\n<p>&#8220;El pueblo de M\u00e9xico y el veracruzano son muy ejemplares, y hoy en la cuarta transformaci\u00f3n est\u00e1n dando ejemplos todos los d\u00edas de su capacidad para hacer que nuestro pa\u00eds avance&#8221;, remat\u00f3.<\/p>\n","protected":false},"excerpt":{"rendered":"<p>Alejandro \u00c1vila Boca del R\u00edo, Ver.- El pr\u00f3ximo 29 de agosto es el \u00faltimo d\u00eda de inscripci\u00f3n para que los mexicanos puedan recibir la vacuna anti COVID, Patria, inform\u00f3 el delegado federal, Manuel Huerta Ladr\u00f3n de Guevara. El funcionario veracruzano destac\u00f3 que esta es la \u00faltima etapa previo a su probable aprobaci\u00f3n a nivel internacional. [&hellip;]<\/p>\n","protected":false},"author":1,"featured_media":22192,"comment_status":"open","ping_status":"open","sticky":false,"template":"","format":"standard","meta":{"_jetpack_memberships_contains_paid_content":false,"footnotes":""},"categories":[9],"tags":[],"class_list":["post-30957","post","type-post","status-publish","format-standard","has-post-thumbnail","hentry","category-salud"],"jetpack_featured_media_url":"https:\/\/encuentroinformativo.com.mx\/wp-content\/uploads\/2022\/01\/8C0C3D38-42E5-4D8D-BB0A-9448B243DBBA.jpeg","jetpack_sharing_enabled":true,"jetpack_likes_enabled":true,"amp_enabled":true,"_links":{"self":[{"href":"https:\/\/encuentroinformativo.com.mx\/index.php?rest_route=\/wp\/v2\/posts\/30957","targetHints":{"allow":["GET"]}}],"collection":[{"href":"https:\/\/encuentroinformativo.com.mx\/index.php?rest_route=\/wp\/v2\/posts"}],"about":[{"href":"https:\/\/encuentroinformativo.com.mx\/index.php?rest_route=\/wp\/v2\/types\/post"}],"author":[{"embeddable":true,"href":"https:\/\/encuentroinformativo.com.mx\/index.php?rest_route=\/wp\/v2\/users\/1"}],"replies":[{"embeddable":true,"href":"https:\/\/encuentroinformativo.com.mx\/index.php?rest_route=%2Fwp%2Fv2%2Fcomments&post=30957"}],"version-history":[{"count":1,"href":"https:\/\/encuentroinformativo.com.mx\/index.php?rest_route=\/wp\/v2\/posts\/30957\/revisions"}],"predecessor-version":[{"id":30958,"href":"https:\/\/encuentroinformativo.com.mx\/index.php?rest_route=\/wp\/v2\/posts\/30957\/revisions\/30958"}],"wp:featuredmedia":[{"embeddable":true,"href":"https:\/\/encuentroinformativo.com.mx\/index.php?rest_route=\/wp\/v2\/media\/22192"}],"wp:attachment":[{"href":"https:\/\/encuentroinformativo.com.mx\/index.php?rest_route=%2Fwp%2Fv2%2Fmedia&parent=30957"}],"wp:term":[{"taxonomy":"category","embeddable":true,"href":"https:\/\/encuentroinformativo.com.mx\/index.php?rest_route=%2Fwp%2Fv2%2Fcategories&post=30957"},{"taxonomy":"post_tag","embeddable":true,"href":"https:\/\/encuentroinformativo.com.mx\/index.php?rest_route=%2Fwp%2Fv2%2Ftags&post=30957"}],"curies":[{"name":"wp","href":"https:\/\/api.w.org\/{rel}","templated":true}]}}