{"id":30959,"date":"2022-08-25T14:19:39","date_gmt":"2022-08-25T19:19:39","guid":{"rendered":"https:\/\/encuentroinformativo.com.mx\/?p=30959"},"modified":"2022-08-25T14:19:42","modified_gmt":"2022-08-25T19:19:42","slug":"bloquean-transportistas-bulevar-xalapa-banderilla","status":"publish","type":"post","link":"https:\/\/encuentroinformativo.com.mx\/?p=30959","title":{"rendered":"Bloquean transportistas bulevar Xalapa-Banderilla"},"content":{"rendered":"\n<p><strong>Juan Arcos <\/strong><\/p>\n\n\n\n<p>Xalapa, Ver.- Transportistas protestaron y bloquearon el bulevar Xalapa-Banderilla, a la altura de la colonia 21 de Marzo, para exigir al gobierno estatal que cesen los abusos por parte de los elementos viales y que se garanticen las condiciones de seguridad en las carreteras.<\/p>\n\n\n\n<p>Se trata de integrantes de la asociaci\u00f3n civil de camioneros Manuel Mendoza Tamexun, quienes denunciaron presuntas extorsiones por parte de los oficiales de la Secretar\u00eda de Seguridad P\u00fablica (SSP).<\/p>\n\n\n\n<p>Los quejosos estacionaron sus unidades de carga pesada en ambos sentidos de la importante v\u00eda de comunicaci\u00f3n, donde cerraron de manera intermitente.<\/p>\n\n\n\n<p>Los conductores tambi\u00e9n demandaron condiciones de seguridad en las carreteras del estado de Veracruz.<\/p>\n\n\n\n<p>\u201c\u00a1Fuera estatales!\u201d, \u201c\u00a1no m\u00e1s asaltos al camionero!\u201d, \u201c\u00a1no a la carta porte digital!\u201d y \u201c\u00a1por un transporte sin extorsi\u00f3n!\u201d, se le\u00eda en algunas de las lonas que colgaron sobre los veh\u00edculos.<\/p>\n\n\n\n<p>Cabe recordar que el Sistema de Administraci\u00f3n Tributaria (SAT) les ha exigido la Carta Porte Digital, un requisito para el transporte de carga que a veces limita su actividad, pues han sido multados.<\/p>\n\n\n\n<p>Los transportistas exigieron tambi\u00e9n una reuni\u00f3n con autoridades del gobierno estatal para plantearse las problem\u00e1ticas de su competencia y buscar una pronta soluci\u00f3n.<\/p>\n","protected":false},"excerpt":{"rendered":"<p>Juan Arcos Xalapa, Ver.- Transportistas protestaron y bloquearon el bulevar Xalapa-Banderilla, a la altura de la colonia 21 de Marzo, para exigir al gobierno estatal que cesen los abusos por parte de los elementos viales y que se garanticen las condiciones de seguridad en las carreteras. Se trata de integrantes de la asociaci\u00f3n civil de [&hellip;]<\/p>\n","protected":false},"author":1,"featured_media":30960,"comment_status":"open","ping_status":"open","sticky":false,"template":"","format":"standard","meta":{"_jetpack_memberships_contains_paid_content":false,"footnotes":""},"categories":[8],"tags":[],"class_list":["post-30959","post","type-post","status-publish","format-standard","has-post-thumbnail","hentry","category-region"],"jetpack_featured_media_url":"https:\/\/encuentroinformativo.com.mx\/wp-content\/uploads\/2022\/08\/8A961904-6A20-436A-B914-DFE1D5E077C4.jpeg","jetpack_sharing_enabled":true,"jetpack_likes_enabled":true,"amp_enabled":true,"_links":{"self":[{"href":"https:\/\/encuentroinformativo.com.mx\/index.php?rest_route=\/wp\/v2\/posts\/30959","targetHints":{"allow":["GET"]}}],"collection":[{"href":"https:\/\/encuentroinformativo.com.mx\/index.php?rest_route=\/wp\/v2\/posts"}],"about":[{"href":"https:\/\/encuentroinformativo.com.mx\/index.php?rest_route=\/wp\/v2\/types\/post"}],"author":[{"embeddable":true,"href":"https:\/\/encuentroinformativo.com.mx\/index.php?rest_route=\/wp\/v2\/users\/1"}],"replies":[{"embeddable":true,"href":"https:\/\/encuentroinformativo.com.mx\/index.php?rest_route=%2Fwp%2Fv2%2Fcomments&post=30959"}],"version-history":[{"count":1,"href":"https:\/\/encuentroinformativo.com.mx\/index.php?rest_route=\/wp\/v2\/posts\/30959\/revisions"}],"predecessor-version":[{"id":30961,"href":"https:\/\/encuentroinformativo.com.mx\/index.php?rest_route=\/wp\/v2\/posts\/30959\/revisions\/30961"}],"wp:featuredmedia":[{"embeddable":true,"href":"https:\/\/encuentroinformativo.com.mx\/index.php?rest_route=\/wp\/v2\/media\/30960"}],"wp:attachment":[{"href":"https:\/\/encuentroinformativo.com.mx\/index.php?rest_route=%2Fwp%2Fv2%2Fmedia&parent=30959"}],"wp:term":[{"taxonomy":"category","embeddable":true,"href":"https:\/\/encuentroinformativo.com.mx\/index.php?rest_route=%2Fwp%2Fv2%2Fcategories&post=30959"},{"taxonomy":"post_tag","embeddable":true,"href":"https:\/\/encuentroinformativo.com.mx\/index.php?rest_route=%2Fwp%2Fv2%2Ftags&post=30959"}],"curies":[{"name":"wp","href":"https:\/\/api.w.org\/{rel}","templated":true}]}}