{"id":3096,"date":"2020-06-04T20:47:26","date_gmt":"2020-06-05T01:47:26","guid":{"rendered":"https:\/\/encuentroinformativo.com\/?p=3096"},"modified":"2020-06-04T20:47:28","modified_gmt":"2020-06-05T01:47:28","slug":"personas-con-capacidades-diferentes-continuan-esperando-apoyos","status":"publish","type":"post","link":"https:\/\/encuentroinformativo.com.mx\/?p=3096","title":{"rendered":"Personas con capacidades diferentes contin\u00faan esperando \u201capoyos\u201d"},"content":{"rendered":"\n<p><strong>Dar\u00edo Pale <\/strong><\/p>\n\n\n\n<p>Xalapa, Ver.- Personas con discapacidad visual, auditiva y f\u00edsica fueron canalizadas al Palacio Municipal de Xalapa para solicitar por escrito, la entrega de despensas, esto luego de tres meses de no tener ingresos econ\u00f3micos por la implementaci\u00f3n de la cuarentena.<\/p>\n\n\n\n<p>En entrevista Israel Mart\u00ednez Solano, uno de los solicitantes se\u00f1al\u00f3 que hasta ahora no han sido contemplados en alg\u00fan programa de empleo temporal de los prometidos por el gobierno de Hip\u00f3lito Rodr\u00edguez Herrero, cuando ellos son a los primeros que se debi\u00f3 de apoyar.<\/p>\n\n\n\n<p>&#8220;Pedimos que se nos apoye por esto de la contingencia del coronavirus, somos de diferentes discapacidades, son de diferentes necesidades de cada uno. Hemos solicitado en el Ayuntamiento que se nos haga caso, pero no se nos hace caso y estos dos meses que hemos tenido de encierro, pues han agravado nuestras necesidades&#8221; acus\u00f3.<\/p>\n\n\n\n<p>Finalmente las personas con discapacidad conf\u00edan en que lleguen hasta sus casas las despensas una vez que cumplieron con el requisito de solicitarlas por escrito.<\/p>\n\n\n\n<p><\/p>\n","protected":false},"excerpt":{"rendered":"<p>Dar\u00edo Pale Xalapa, Ver.- Personas con discapacidad visual, auditiva y f\u00edsica fueron canalizadas al Palacio Municipal de Xalapa para solicitar por escrito, la entrega de despensas, esto luego de tres meses de no tener ingresos econ\u00f3micos por la implementaci\u00f3n de la cuarentena. En entrevista Israel Mart\u00ednez Solano, uno de los solicitantes se\u00f1al\u00f3 que hasta ahora [&hellip;]<\/p>\n","protected":false},"author":1,"featured_media":3097,"comment_status":"open","ping_status":"open","sticky":false,"template":"","format":"standard","meta":{"_jetpack_memberships_contains_paid_content":false,"footnotes":""},"categories":[3],"tags":[],"class_list":["post-3096","post","type-post","status-publish","format-standard","has-post-thumbnail","hentry","category-xalapa"],"jetpack_featured_media_url":"https:\/\/encuentroinformativo.com.mx\/wp-content\/uploads\/2020\/06\/8D4BF932-6AEC-4AB3-8BA3-E869600477A3.jpeg","jetpack_sharing_enabled":true,"jetpack_likes_enabled":true,"amp_enabled":true,"_links":{"self":[{"href":"https:\/\/encuentroinformativo.com.mx\/index.php?rest_route=\/wp\/v2\/posts\/3096","targetHints":{"allow":["GET"]}}],"collection":[{"href":"https:\/\/encuentroinformativo.com.mx\/index.php?rest_route=\/wp\/v2\/posts"}],"about":[{"href":"https:\/\/encuentroinformativo.com.mx\/index.php?rest_route=\/wp\/v2\/types\/post"}],"author":[{"embeddable":true,"href":"https:\/\/encuentroinformativo.com.mx\/index.php?rest_route=\/wp\/v2\/users\/1"}],"replies":[{"embeddable":true,"href":"https:\/\/encuentroinformativo.com.mx\/index.php?rest_route=%2Fwp%2Fv2%2Fcomments&post=3096"}],"version-history":[{"count":1,"href":"https:\/\/encuentroinformativo.com.mx\/index.php?rest_route=\/wp\/v2\/posts\/3096\/revisions"}],"predecessor-version":[{"id":3098,"href":"https:\/\/encuentroinformativo.com.mx\/index.php?rest_route=\/wp\/v2\/posts\/3096\/revisions\/3098"}],"wp:featuredmedia":[{"embeddable":true,"href":"https:\/\/encuentroinformativo.com.mx\/index.php?rest_route=\/wp\/v2\/media\/3097"}],"wp:attachment":[{"href":"https:\/\/encuentroinformativo.com.mx\/index.php?rest_route=%2Fwp%2Fv2%2Fmedia&parent=3096"}],"wp:term":[{"taxonomy":"category","embeddable":true,"href":"https:\/\/encuentroinformativo.com.mx\/index.php?rest_route=%2Fwp%2Fv2%2Fcategories&post=3096"},{"taxonomy":"post_tag","embeddable":true,"href":"https:\/\/encuentroinformativo.com.mx\/index.php?rest_route=%2Fwp%2Fv2%2Ftags&post=3096"}],"curies":[{"name":"wp","href":"https:\/\/api.w.org\/{rel}","templated":true}]}}