{"id":30968,"date":"2022-08-26T09:16:35","date_gmt":"2022-08-26T14:16:35","guid":{"rendered":"https:\/\/encuentroinformativo.com.mx\/?p=30968"},"modified":"2022-08-26T09:16:39","modified_gmt":"2022-08-26T14:16:39","slug":"el-pan-de-marko","status":"publish","type":"post","link":"https:\/\/encuentroinformativo.com.mx\/?p=30968","title":{"rendered":"EL PAN DE MARKO"},"content":{"rendered":"\n<p><strong>Los Pol\u00edticos<\/strong><\/p>\n\n\n\n<p><strong>Salvador Mu\u00f1oz<\/strong><\/p>\n\n\n\n<p>El discurso de Marko Cort\u00e9s en la reuni\u00f3n plenaria de legisladores azules celebrada en Boca del R\u00edo, tiene muchos hilos como para ir agarrando cada uno en espera de deshacer la madeja o enredarla m\u00e1s\u2026 depende de la perspectiva\u2026<\/p>\n\n\n\n<p>El dirigente nacional del PAN pide unidad a sus militantes\u2026 en el PAN, como en la mayor\u00eda de los partidos, hay diferencias de criterios y tambi\u00e9n divisionismo\u2026 \u00a1ojo! porque la divisi\u00f3n o diferencias que se viven hoy en el PAN de Veracruz no son de ayer\u2026 Curiosamente se acent\u00faan con el arribo al poder de Marko Cort\u00e9s en el 2018 cuando la fracci\u00f3n legislativa del PAN se divide siendo dirigente estatal El Chapito Guzm\u00e1n\u2026 Ahora, a la batuta de Federico Salom\u00f3n, la historia en el grupo legislativo local se repite\u2026<\/p>\n\n\n\n<p>Marko Cort\u00e9s le encarga a Federico Salom\u00f3n que busque la unidad del partido\u2026 ha de pensar en el PAN como fonda pidiendo unas enchiladas\u2026 a lo mejor me equivoco, pero con un problema de fisuras arrastrando ya desde hace cuatro a\u00f1os con dos dirigencias, no creo que sea Federico Salom\u00f3n el que tenga que enderezar el entuerto con un \u201cai te encargo\u201d&#8230;<\/p>\n\n\n\n<p>Agreguemos que un perro callejero tiene m\u00e1s liderazgo tanto en actitud como en acci\u00f3n y determinaci\u00f3n ante su manada, que Federico ante el PAN\u2026 y eso lo saben los que votaron por Chapito\u2026 y los que votaron por Salom\u00f3n.<\/p>\n\n\n\n<p>Otro dato interesante fue el \u201cdestape\u201d de Julen Rementer\u00eda, Paty Lobeira y los hermanos Yunes M\u00e1rquez, Fernando y Miguel \u00c1ngel, adem\u00e1s de que hay quienes aseguran que igual encart\u00f3 a Enrique Cambranis.<\/p>\n\n\n\n<p>De aqu\u00ed se desprenden dos hilos m\u00e1s:<\/p>\n\n\n\n<p>El primero: pudiera parecer que hasta el momento, no hay nada para nadie, en especial cuando se habla de supuestos \u201cpunteros\u201d para disputar la candidatura al 2024\u2026<\/p>\n\n\n\n<p>Sume que Marko le dice a los panistas as\u00ed como a los veracruzanos, que la caballada azul est\u00e1 gorda\u2026 \u00a1tan gorda que hasta Cambranis cabe! aunque hay quienes aseguran que el mensaje fue directo a Julen y no en plan de darle coba\u2026 \u00a1Al contrario! Julen languidece cuando del grupo de los Yunes hay tres cartas fuertes para competir contra \u00e9l y hasta el comod\u00edn, con Cambranis\u2026<\/p>\n\n\n\n<p>El segundo hilo: si incluy\u00f3 Marko en \u201cel destape\u201d a Enrique Cambranis, hay de dos:<\/p>\n\n\n\n<p>a.- O no tiene ni colipoterra idea de Veracruz\u2026<\/p>\n\n\n\n<p>b.- O tiene un sentido del humor muy Cambronis\u2026<\/p>\n\n\n\n<p>Lo \u00fanico m\u00e1s cercano a la realidad del PAN en Veracruz de lo que dijo Marko Cort\u00e9s, es que hoy, un nuevo adversario ocupa el Poder p\u00fablico, est\u00e1 en el Gobierno y que hay que luchar para sacarlo al ritmo de Eddie Dee: \u201c\u00a1Qu\u00edtate t\u00fa, pa\u2019 ponerme yo!\u201d<\/p>\n\n\n\n<p>S\u00ed, lo \u00fanico m\u00e1s cercano a la realidad del PAN, es que est\u00e1 en un lugar que durante m\u00e1s de 70 a\u00f1os en Veracruz, siempre estuvo: como Oposici\u00f3n, y con alguna que otra joya en su poder como ayer y como hoy\u2026 adem\u00e1s, haciendo lo que mejor sabe hacer: ser Oposici\u00f3n\u2026<\/p>\n\n\n\n<p>No s\u00e9 c\u00f3mo vea el panismo veracruzano a la dirigencia de Marko Cort\u00e9s\u2026 pero desde afuera se ve a un hombre con un buen discurso, buenas intenciones, pero sin el liderazgo que requiere su partido en Veracruz, partido desde hace m\u00e1s de cuatro a\u00f1os de forma evidente y sin que en su presidente estatal haya visos de Dirigente\u2026<\/p>\n\n\n\n<p><a href=\"mailto:smcainito@gmail.com\" target=\"_blank\" rel=\"noreferrer noopener\">smcainito@gmail.com<\/a><\/p>\n","protected":false},"excerpt":{"rendered":"<p>Los Pol\u00edticos Salvador Mu\u00f1oz El discurso de Marko Cort\u00e9s en la reuni\u00f3n plenaria de legisladores azules celebrada en Boca del R\u00edo, tiene muchos hilos como para ir agarrando cada uno en espera de deshacer la madeja o enredarla m\u00e1s\u2026 depende de la perspectiva\u2026 El dirigente nacional del PAN pide unidad a sus militantes\u2026 en el [&hellip;]<\/p>\n","protected":false},"author":1,"featured_media":387,"comment_status":"open","ping_status":"open","sticky":false,"template":"","format":"standard","meta":{"_jetpack_memberships_contains_paid_content":false,"footnotes":""},"categories":[11],"tags":[],"class_list":["post-30968","post","type-post","status-publish","format-standard","has-post-thumbnail","hentry","category-opinion"],"jetpack_featured_media_url":"https:\/\/encuentroinformativo.com.mx\/wp-content\/uploads\/2020\/03\/7CF8A22B-2764-47BE-8F7F-38FE9E5D6A2F.jpeg","jetpack_sharing_enabled":true,"jetpack_likes_enabled":true,"amp_enabled":true,"_links":{"self":[{"href":"https:\/\/encuentroinformativo.com.mx\/index.php?rest_route=\/wp\/v2\/posts\/30968","targetHints":{"allow":["GET"]}}],"collection":[{"href":"https:\/\/encuentroinformativo.com.mx\/index.php?rest_route=\/wp\/v2\/posts"}],"about":[{"href":"https:\/\/encuentroinformativo.com.mx\/index.php?rest_route=\/wp\/v2\/types\/post"}],"author":[{"embeddable":true,"href":"https:\/\/encuentroinformativo.com.mx\/index.php?rest_route=\/wp\/v2\/users\/1"}],"replies":[{"embeddable":true,"href":"https:\/\/encuentroinformativo.com.mx\/index.php?rest_route=%2Fwp%2Fv2%2Fcomments&post=30968"}],"version-history":[{"count":1,"href":"https:\/\/encuentroinformativo.com.mx\/index.php?rest_route=\/wp\/v2\/posts\/30968\/revisions"}],"predecessor-version":[{"id":30969,"href":"https:\/\/encuentroinformativo.com.mx\/index.php?rest_route=\/wp\/v2\/posts\/30968\/revisions\/30969"}],"wp:featuredmedia":[{"embeddable":true,"href":"https:\/\/encuentroinformativo.com.mx\/index.php?rest_route=\/wp\/v2\/media\/387"}],"wp:attachment":[{"href":"https:\/\/encuentroinformativo.com.mx\/index.php?rest_route=%2Fwp%2Fv2%2Fmedia&parent=30968"}],"wp:term":[{"taxonomy":"category","embeddable":true,"href":"https:\/\/encuentroinformativo.com.mx\/index.php?rest_route=%2Fwp%2Fv2%2Fcategories&post=30968"},{"taxonomy":"post_tag","embeddable":true,"href":"https:\/\/encuentroinformativo.com.mx\/index.php?rest_route=%2Fwp%2Fv2%2Ftags&post=30968"}],"curies":[{"name":"wp","href":"https:\/\/api.w.org\/{rel}","templated":true}]}}