{"id":30973,"date":"2022-08-26T12:29:26","date_gmt":"2022-08-26T17:29:26","guid":{"rendered":"https:\/\/encuentroinformativo.com.mx\/?p=30973"},"modified":"2022-08-26T12:29:30","modified_gmt":"2022-08-26T17:29:30","slug":"invitan-a-nueva-expo-de-emprendedores","status":"publish","type":"post","link":"https:\/\/encuentroinformativo.com.mx\/?p=30973","title":{"rendered":"Invitan a nueva Expo de emprendedores"},"content":{"rendered":"\n<p><strong>Dar\u00edo Pale<\/strong> <\/p>\n\n\n\n<p>Xalapa, Ver.- Gabriela Escobar Quevedo encargada de la tercera edici\u00f3n de la Expo &#8220;Encanto&#8221;, de emprendedores, por lo que invit\u00f3 a la ciudadan\u00eda para que asista este 3 y 4 de septiembre a la plaza Andador Encanto que est\u00e1 sobre L\u00e1zaro C\u00e1rdenas.<\/p>\n\n\n\n<p>En conferencia de prensa se\u00f1al\u00f3 que son m\u00e1s de 35 expositores quienes expondr\u00e1n sus productos, lo cual tiene como finalidad apoyar a la econom\u00eda de los emprendedores \u00a0y reactivar poco a poco la econom\u00eda de todos ellos.<\/p>\n\n\n\n<p>Adem\u00e1s contar\u00e1n con una feria infantil gratuita para todos los ni\u00f1os, adem\u00e1s de que habr\u00e1 un brincolin, adem\u00e1s de un bate folcl\u00f3rico, estar\u00e1n tambi\u00e9n &#8220;los hijos de Juan&#8221;, ya que las ventas normalmente siempre los pagos son en efectivo pero en algunas ocasiones quieren pagan con tarjeta por lo que les obsequiar\u00e1n una terminal para que puedan realizar los cobros electr\u00f3nicos.<\/p>\n\n\n\n<p>Vender\u00e1n art\u00edculos desde comida t\u00edpica Mexicana, as\u00ed como diferentes artesan\u00edas, calzados y bisuter\u00eda entre otros art\u00edculos, en la primera Expo hubo mucha afluencia pero en la segunda les toc\u00f3 el puente del carnaval de Veracruz lo cual bajo mucho sus ventas.<\/p>\n\n\n\n<p>Finalmente lament\u00f3 que los mexicanos est\u00e1n acostumbrados a regatear los precios, por lo que las emprendedoras tratan de mantener un precio justo, adem\u00e1s de que est\u00e1n los colectivos donde pueden ir a exhibir sus productos.<\/p>\n\n\n\n<p><\/p>\n","protected":false},"excerpt":{"rendered":"<p>Dar\u00edo Pale Xalapa, Ver.- Gabriela Escobar Quevedo encargada de la tercera edici\u00f3n de la Expo &#8220;Encanto&#8221;, de emprendedores, por lo que invit\u00f3 a la ciudadan\u00eda para que asista este 3 y 4 de septiembre a la plaza Andador Encanto que est\u00e1 sobre L\u00e1zaro C\u00e1rdenas. En conferencia de prensa se\u00f1al\u00f3 que son m\u00e1s de 35 expositores [&hellip;]<\/p>\n","protected":false},"author":1,"featured_media":30974,"comment_status":"open","ping_status":"open","sticky":false,"template":"","format":"standard","meta":{"_jetpack_memberships_contains_paid_content":false,"footnotes":""},"categories":[3],"tags":[],"class_list":["post-30973","post","type-post","status-publish","format-standard","has-post-thumbnail","hentry","category-xalapa"],"jetpack_featured_media_url":"https:\/\/encuentroinformativo.com.mx\/wp-content\/uploads\/2022\/08\/AE1ACE8C-8663-4003-9503-AE6B63293722.jpeg","jetpack_sharing_enabled":true,"jetpack_likes_enabled":true,"amp_enabled":true,"_links":{"self":[{"href":"https:\/\/encuentroinformativo.com.mx\/index.php?rest_route=\/wp\/v2\/posts\/30973","targetHints":{"allow":["GET"]}}],"collection":[{"href":"https:\/\/encuentroinformativo.com.mx\/index.php?rest_route=\/wp\/v2\/posts"}],"about":[{"href":"https:\/\/encuentroinformativo.com.mx\/index.php?rest_route=\/wp\/v2\/types\/post"}],"author":[{"embeddable":true,"href":"https:\/\/encuentroinformativo.com.mx\/index.php?rest_route=\/wp\/v2\/users\/1"}],"replies":[{"embeddable":true,"href":"https:\/\/encuentroinformativo.com.mx\/index.php?rest_route=%2Fwp%2Fv2%2Fcomments&post=30973"}],"version-history":[{"count":1,"href":"https:\/\/encuentroinformativo.com.mx\/index.php?rest_route=\/wp\/v2\/posts\/30973\/revisions"}],"predecessor-version":[{"id":30975,"href":"https:\/\/encuentroinformativo.com.mx\/index.php?rest_route=\/wp\/v2\/posts\/30973\/revisions\/30975"}],"wp:featuredmedia":[{"embeddable":true,"href":"https:\/\/encuentroinformativo.com.mx\/index.php?rest_route=\/wp\/v2\/media\/30974"}],"wp:attachment":[{"href":"https:\/\/encuentroinformativo.com.mx\/index.php?rest_route=%2Fwp%2Fv2%2Fmedia&parent=30973"}],"wp:term":[{"taxonomy":"category","embeddable":true,"href":"https:\/\/encuentroinformativo.com.mx\/index.php?rest_route=%2Fwp%2Fv2%2Fcategories&post=30973"},{"taxonomy":"post_tag","embeddable":true,"href":"https:\/\/encuentroinformativo.com.mx\/index.php?rest_route=%2Fwp%2Fv2%2Ftags&post=30973"}],"curies":[{"name":"wp","href":"https:\/\/api.w.org\/{rel}","templated":true}]}}