{"id":30982,"date":"2022-08-26T13:29:53","date_gmt":"2022-08-26T18:29:53","guid":{"rendered":"https:\/\/encuentroinformativo.com.mx\/?p=30982"},"modified":"2022-08-26T13:29:57","modified_gmt":"2022-08-26T18:29:57","slug":"continua-rehabilitacion-de-escuelas-afirma-zenyazen","status":"publish","type":"post","link":"https:\/\/encuentroinformativo.com.mx\/?p=30982","title":{"rendered":"Contin\u00faa rehabilitaci\u00f3n de escuelas, afirma Zenyazen"},"content":{"rendered":"\n<p><strong>Alejandro \u00c1vila<\/strong><\/p>\n\n\n\n<p>Boca del R\u00edo, Ver.- El secretario de Educaci\u00f3n de Veracruz, Roberto Zenyazen Escobar Garc\u00eda destac\u00f3 el regreso de m\u00e1s de 1.3 millones de alumnos a clases presenciales, a partir del pr\u00f3ximo lunes en entidad veracruzana.<\/p>\n\n\n\n<p>El funcionario estatal mencion\u00f3 que, afortunadamente no hubo reportes de robos durante las vacaciones de verano, sin embargo, dijo que seguir\u00e1n supervisando los planteles educativos Durante las pr\u00f3ximas semanas Pues existen algunas escuelas que contin\u00faan con su rehabilitaci\u00f3n.<\/p>\n\n\n\n<p>&#8220;Recuerden que nosotros tuvimos una reuni\u00f3n con la alcaldesa de aqu\u00ed del puerto (Paty Lobeira), y nos pusimos de acuerdo, 40 y 40 escuelas para reparaci\u00f3n, y estamos muy al pendiente en la delegaci\u00f3n de aqu\u00ed de Veracruz con Diana Santiago, para que cualquier situaci\u00f3n que presente un plantel escolar, el cual no tenga energ\u00eda o no tenga agua, nos los reporte de inmediato y nosotros de inmediato haremos lo propio&#8221;, destac\u00f3.<\/p>\n\n\n\n<p>Este viernes fueron entregadas medallas de reconocimiento por parte de la Unidad del Sistema para la Carrera de los Maestros y las Maestras (USICAMM), a los docentes del sureste que continuaron su labor durante la pandemia de COVID-19.<\/p>\n\n\n\n<p>Cabe destacar, que Veracruz es quien tuvo m\u00e1s galardonados, pues se le entregaron 207 preseas de reconocimiento a los docentes veracruzanos.<\/p>\n","protected":false},"excerpt":{"rendered":"<p>Alejandro \u00c1vila Boca del R\u00edo, Ver.- El secretario de Educaci\u00f3n de Veracruz, Roberto Zenyazen Escobar Garc\u00eda destac\u00f3 el regreso de m\u00e1s de 1.3 millones de alumnos a clases presenciales, a partir del pr\u00f3ximo lunes en entidad veracruzana. El funcionario estatal mencion\u00f3 que, afortunadamente no hubo reportes de robos durante las vacaciones de verano, sin embargo, [&hellip;]<\/p>\n","protected":false},"author":1,"featured_media":30983,"comment_status":"open","ping_status":"open","sticky":false,"template":"","format":"standard","meta":{"_jetpack_memberships_contains_paid_content":false,"footnotes":""},"categories":[2],"tags":[],"class_list":["post-30982","post","type-post","status-publish","format-standard","has-post-thumbnail","hentry","category-estado"],"jetpack_featured_media_url":"https:\/\/encuentroinformativo.com.mx\/wp-content\/uploads\/2022\/08\/86E7DFE9-9E7E-45C5-A811-FD84096013AA.jpeg","jetpack_sharing_enabled":true,"jetpack_likes_enabled":true,"amp_enabled":true,"_links":{"self":[{"href":"https:\/\/encuentroinformativo.com.mx\/index.php?rest_route=\/wp\/v2\/posts\/30982","targetHints":{"allow":["GET"]}}],"collection":[{"href":"https:\/\/encuentroinformativo.com.mx\/index.php?rest_route=\/wp\/v2\/posts"}],"about":[{"href":"https:\/\/encuentroinformativo.com.mx\/index.php?rest_route=\/wp\/v2\/types\/post"}],"author":[{"embeddable":true,"href":"https:\/\/encuentroinformativo.com.mx\/index.php?rest_route=\/wp\/v2\/users\/1"}],"replies":[{"embeddable":true,"href":"https:\/\/encuentroinformativo.com.mx\/index.php?rest_route=%2Fwp%2Fv2%2Fcomments&post=30982"}],"version-history":[{"count":1,"href":"https:\/\/encuentroinformativo.com.mx\/index.php?rest_route=\/wp\/v2\/posts\/30982\/revisions"}],"predecessor-version":[{"id":30984,"href":"https:\/\/encuentroinformativo.com.mx\/index.php?rest_route=\/wp\/v2\/posts\/30982\/revisions\/30984"}],"wp:featuredmedia":[{"embeddable":true,"href":"https:\/\/encuentroinformativo.com.mx\/index.php?rest_route=\/wp\/v2\/media\/30983"}],"wp:attachment":[{"href":"https:\/\/encuentroinformativo.com.mx\/index.php?rest_route=%2Fwp%2Fv2%2Fmedia&parent=30982"}],"wp:term":[{"taxonomy":"category","embeddable":true,"href":"https:\/\/encuentroinformativo.com.mx\/index.php?rest_route=%2Fwp%2Fv2%2Fcategories&post=30982"},{"taxonomy":"post_tag","embeddable":true,"href":"https:\/\/encuentroinformativo.com.mx\/index.php?rest_route=%2Fwp%2Fv2%2Ftags&post=30982"}],"curies":[{"name":"wp","href":"https:\/\/api.w.org\/{rel}","templated":true}]}}