{"id":30985,"date":"2022-08-26T13:39:05","date_gmt":"2022-08-26T18:39:05","guid":{"rendered":"https:\/\/encuentroinformativo.com.mx\/?p=30985"},"modified":"2022-08-26T13:39:09","modified_gmt":"2022-08-26T18:39:09","slug":"analizan-instalar-primera-estacion-de-bomberos-en-medellin-de-bravo","status":"publish","type":"post","link":"https:\/\/encuentroinformativo.com.mx\/?p=30985","title":{"rendered":"Analizan instalar primera estaci\u00f3n de bomberos en Medell\u00edn de Bravo"},"content":{"rendered":"\n<p><strong>Alejandro \u00c1vila<\/strong><\/p>\n\n\n\n<p>Medell\u00edn de Bravo, Ver.- El alcalde de Medell\u00edn de Bravo, Marcos Isle\u00f1o Andrade, reconoci\u00f3 las complicaciones que se tienen durante algunos siniestros por la falta de una estaci\u00f3n de bomberos en el municipio.<\/p>\n\n\n\n<p>Ante esta situaci\u00f3n dijo que se encuentran en el an\u00e1lisis para que antes de que culmine su administraci\u00f3n se pueda contar con una base de bomberos totalmente equipada.<\/p>\n\n\n\n<p>\u201cNosotros en Medell\u00edn no tenemos bomberos, tenemos voluntarios asignados en la direcci\u00f3n de PC. Pero contamos con el apoyo de los bomberos de la zona conurbada (\u2026) estamos analizando, una vez que estemos m\u00e1s holgados presupuestalmente, contar con una base de bomberos para los medellinenses\u201d, agreg\u00f3.<\/p>\n\n\n\n<p>Este viernes el alcalde en compa\u00f1\u00eda de la regidora Karina del Carmen Arroniz Palavicini, hizo entrega de una motobomba y un contenedor para agua, a la direcci\u00f3n de Protecci\u00f3n Civil que encabeza Adri\u00e1n Mart\u00ednez Gayoso, con la finalidad de brindarle mayor capacidad de respuesta a la dependencia encargada de la protecci\u00f3n ciudadana.<\/p>\n\n\n\n<p>Por el momento, sostuvo, su administraci\u00f3n har\u00e1 lo necesario para que la direcci\u00f3n de PC cuente con el equipo t\u00e9cnico y humano necesario para brindarle una mejor atenci\u00f3n a los ciudadanos en caso de alg\u00fan siniestro.<\/p>\n\n\n\n<p>\u201cLa prioridad es que todo el equipo con que cuente Protecci\u00f3n Civil funcione al cien por ciento. Haremos todo lo necesario para que cuenten con todas las herramientas que permitan llevar a cabo su trabajo de manera \u00f3ptima\u201d, asever\u00f3.<\/p>\n","protected":false},"excerpt":{"rendered":"<p>Alejandro \u00c1vila Medell\u00edn de Bravo, Ver.- El alcalde de Medell\u00edn de Bravo, Marcos Isle\u00f1o Andrade, reconoci\u00f3 las complicaciones que se tienen durante algunos siniestros por la falta de una estaci\u00f3n de bomberos en el municipio. Ante esta situaci\u00f3n dijo que se encuentran en el an\u00e1lisis para que antes de que culmine su administraci\u00f3n se pueda [&hellip;]<\/p>\n","protected":false},"author":1,"featured_media":30986,"comment_status":"open","ping_status":"open","sticky":false,"template":"","format":"standard","meta":{"_jetpack_memberships_contains_paid_content":false,"footnotes":""},"categories":[2],"tags":[],"class_list":["post-30985","post","type-post","status-publish","format-standard","has-post-thumbnail","hentry","category-estado"],"jetpack_featured_media_url":"https:\/\/encuentroinformativo.com.mx\/wp-content\/uploads\/2022\/08\/B7D0385F-E0B4-43AD-BEC7-5D425827BAB3.jpeg","jetpack_sharing_enabled":true,"jetpack_likes_enabled":true,"amp_enabled":true,"_links":{"self":[{"href":"https:\/\/encuentroinformativo.com.mx\/index.php?rest_route=\/wp\/v2\/posts\/30985","targetHints":{"allow":["GET"]}}],"collection":[{"href":"https:\/\/encuentroinformativo.com.mx\/index.php?rest_route=\/wp\/v2\/posts"}],"about":[{"href":"https:\/\/encuentroinformativo.com.mx\/index.php?rest_route=\/wp\/v2\/types\/post"}],"author":[{"embeddable":true,"href":"https:\/\/encuentroinformativo.com.mx\/index.php?rest_route=\/wp\/v2\/users\/1"}],"replies":[{"embeddable":true,"href":"https:\/\/encuentroinformativo.com.mx\/index.php?rest_route=%2Fwp%2Fv2%2Fcomments&post=30985"}],"version-history":[{"count":1,"href":"https:\/\/encuentroinformativo.com.mx\/index.php?rest_route=\/wp\/v2\/posts\/30985\/revisions"}],"predecessor-version":[{"id":30987,"href":"https:\/\/encuentroinformativo.com.mx\/index.php?rest_route=\/wp\/v2\/posts\/30985\/revisions\/30987"}],"wp:featuredmedia":[{"embeddable":true,"href":"https:\/\/encuentroinformativo.com.mx\/index.php?rest_route=\/wp\/v2\/media\/30986"}],"wp:attachment":[{"href":"https:\/\/encuentroinformativo.com.mx\/index.php?rest_route=%2Fwp%2Fv2%2Fmedia&parent=30985"}],"wp:term":[{"taxonomy":"category","embeddable":true,"href":"https:\/\/encuentroinformativo.com.mx\/index.php?rest_route=%2Fwp%2Fv2%2Fcategories&post=30985"},{"taxonomy":"post_tag","embeddable":true,"href":"https:\/\/encuentroinformativo.com.mx\/index.php?rest_route=%2Fwp%2Fv2%2Ftags&post=30985"}],"curies":[{"name":"wp","href":"https:\/\/api.w.org\/{rel}","templated":true}]}}